{"id":30407,"date":"2026-04-08T07:35:56","date_gmt":"2026-04-08T07:35:56","guid":{"rendered":"https:\/\/www.eurofirmsfoundation.org\/es\/?p=30407"},"modified":"2026-04-13T09:56:08","modified_gmt":"2026-04-13T09:56:08","slug":"eurofirms-foundation-feria-empleo-colmenar-viejo","status":"publish","type":"post","link":"https:\/\/www.eurofirmsfoundation.org\/es\/es\/noticias\/eurofirms-foundation-feria-empleo-colmenar-viejo\/","title":{"rendered":"Eurofirms Foundation participar\u00e1 en la II Feria de Empleo de Colmenar Viejo para impulsar la inclusi\u00f3n laboral"},"content":{"rendered":"\n<p>Eurofirms Foundation participar\u00e1 en la <a href=\"https:\/\/colmenarviejo.com\/comunicacion\/noticias\/la-ii-feria-de-empleo-de-colmenar-viejo-se-celebrara-el-15-y-16-de-abril\">II Feria de Empleo de Colmenar Viejo<\/a>, que se celebrar\u00e1 los d\u00edas 15 y 16 de abril, de 10:00 a 15:00h, en el Edificio Municipal de La Estaci\u00f3n. El encuentro, organizado por la Concejal\u00eda de Desarrollo Empresarial, Econom\u00eda y Empleo del Ayuntamiento en Colmenar Viejo, en colaboraci\u00f3n con la Comunidad de Madrid, reunir\u00e1 a <strong>entidades, empresas y personas en b\u00fasqueda de nuevas oportunidades profesionales.<\/strong><\/p>\n\n\n\n<p>La presencia de Eurofirms Foundation en esta feria se enmarca en su <strong>compromiso con la integraci\u00f3n laboral de personas con discapacidad y la promoci\u00f3n de entornos de trabajo m\u00e1s inclusivos.<\/strong> Durante los dos d\u00edas del evento, la Fundaci\u00f3n contar\u00e1 con un stand desde el que dar\u00e1 a conocer sus programas de empleo, orientaci\u00f3n y sensibilizaci\u00f3n, ofreciendo acompa\u00f1amiento tanto a personas candidatas como a empresas interesadas en avanzar hacia modelos de selecci\u00f3n inclusivos.<\/p>\n\n\n\n<p>La II Feria de Empleo de Colmenar Viejo en la que participar\u00e1 Eurofirms Foundation reunir\u00e1 a un total de 28 entidades y empresas de distintos sectores, configur\u00e1ndose como un espacio clave para el contacto entre talento y organizaciones. En este contexto, <strong>Eurofirms Foundation reforzar\u00e1 su papel como entidad de referencia en inclusi\u00f3n laboral, acercando su experiencia al tejido empresarial y contribuyendo a una empleabilidad m\u00e1s diversa y accesible en el \u00e1mbito local.<\/strong><\/p>\n\n\n\n<h2 class=\"wp-block-heading\">Eurofirms Foundation liderar\u00e1 talleres sobre empleabilidad y selecci\u00f3n inclusiva<\/h2>\n\n\n\n<p>Adem\u00e1s de su participaci\u00f3n como entidad expositora, Eurofirms Foundation tendr\u00e1 un papel destacado en el programa formativo de la feria, impartiendo dos talleres el mi\u00e9rcoles 15 de abril. A las 10:30 horas, <strong>la Fundaic\u00f3n ofrecer\u00e1 el taller \u00abHackea tu CV y tu entrevista\u00bb<\/strong>, una sesi\u00f3n pr\u00e1ctica dirigida a personas en b\u00fasqueda de empleo que quieran mejorar su presentaci\u00f3n profesional y afrontar con mayor preparaci\u00f3n los procesos de selecci\u00f3n.<\/p>\n\n\n\n<p>Ese mismo d\u00eda, a las 12:30, Eurofirms Foundation impartir\u00e1 el taller <strong>\u00abSelecci\u00f3n inclusiva y trato adecuado\u00bb<\/strong>, dirigido a empresas y profesionales de recursos humanos. La sesi\u00f3n pondr\u00e1 el foco en la importancia de incorporar criterios de inclusi\u00f3n en los procesos de selecci\u00f3n y en promover un trato adecuado hacia las personas con discapacidad, favoreciendo entornos laborales m\u00e1s equitativos y respetuosos.<\/p>\n\n\n\n<h2 class=\"wp-block-heading\">Un impulso al empleo inclusivo en el \u00e1mbito local<\/h2>\n\n\n\n<p>La feria contar\u00e1 tambi\u00e9n con recursos innovadores, como un c\u00f3rner de realidad virtual para la pr\u00e1ctica de entrevistas profesionales y una oficina m\u00f3vil de empleo de la Comunidad de Madrid, que permitir\u00e1 realizar tr\u00e1mites relacionados con la demanda de empleo y acceder a informaci\u00f3n sobre programas de formaci\u00f3n y orientaci\u00f3n laboral.<\/p>\n\n\n\n<p>En este contexto, la participaci\u00f3n de Eurofirms Foundation aportar\u00e1 valor a\u00f1adido al evento, reforzando la sensibilizaci\u00f3n en materia de inclusi\u00f3n laboral y facilitando espacios de orientaci\u00f3n y di\u00e1logo entre personas, empresas e instituciones. <strong>Con su presencia en la II Feria de Empleo de Colmenar Viejo, la Fundaci\u00f3n reafirma su compromiso con la igualdad de oportunidades y con la construcci\u00f3n de un mercado laboral m\u00e1s inclusivo y sostenible.<\/strong><\/p>\n","protected":false},"excerpt":{"rendered":"<p>Eurofirms Foundation participar\u00e1 en la II Feria de Empleo de Colmenar Viejo, que se celebrar\u00e1 los d\u00edas 15 y 16 de abril, de 10:00 a 15:00h, en el Edificio Municipal de La Estaci\u00f3n. El encuentro, organizado por la Concejal\u00eda de Desarrollo Empresarial, Econom\u00eda y Empleo del Ayuntamiento en Colmenar Viejo, en colaboraci\u00f3n con la Comunidad de Madrid, reunir\u00e1 a entidades, empresas y personas en b\u00fasqueda de nuevas oportunidades profesionales. La presencia de Eurofirms Foundation en esta feria se enmarca en su compromiso con la integraci\u00f3n laboral de personas con discapacidad y la promoci\u00f3n de entornos de trabajo m\u00e1s inclusivos. Durante los dos d\u00edas del evento, la Fundaci\u00f3n contar\u00e1 con un stand desde el que dar\u00e1 a conocer sus programas de empleo, orientaci\u00f3n y sensibilizaci\u00f3n, ofreciendo acompa\u00f1amiento tanto a personas candidatas como a empresas interesadas en avanzar hacia modelos de selecci\u00f3n inclusivos. La II Feria de Empleo de Colmenar Viejo en&#8230;<\/p>\n","protected":false},"author":6,"featured_media":30414,"comment_status":"open","ping_status":"open","sticky":false,"template":"","format":"standard","meta":{"inline_featured_image":false,"footnotes":""},"categories":[1],"tags":[],"class_list":["post-30407","post","type-post","status-publish","format-standard","has-post-thumbnail","hentry","category-sin-categorizar"],"yoast_head":"<!-- This site is optimized with the Yoast SEO plugin v20.1 - https:\/\/yoast.com\/wordpress\/plugins\/seo\/ -->\n<title>Eurofirms Foundation participar\u00e1 en la II Feria de Empleo de Colmenar Viejo para impulsar la inclusi\u00f3n laboral - Fundaci\u00f3n Eurofirms Espa\u00f1a<\/title>\n<meta name=\"description\" content=\"Eurofirms Foundation participar\u00e1 en la II Feria de Empleo de Colmenar Viejo impulsando la inclusi\u00f3n laboral de personas con discapacidad.\" \/>\n<meta name=\"robots\" content=\"index, follow, max-snippet:-1, max-image-preview:large, max-video-preview:-1\" \/>\n<link rel=\"canonical\" href=\"https:\/\/www.eurofirmsfoundation.org\/es\/es\/noticias\/eurofirms-foundation-feria-empleo-colmenar-viejo\/\" \/>\n<meta property=\"og:locale\" content=\"es_ES\" \/>\n<meta property=\"og:type\" content=\"article\" \/>\n<meta property=\"og:title\" content=\"Eurofirms Foundation participar\u00e1 en la II Feria de Empleo de Colmenar Viejo para impulsar la inclusi\u00f3n laboral - Fundaci\u00f3n Eurofirms Espa\u00f1a\" \/>\n<meta property=\"og:description\" content=\"Eurofirms Foundation participar\u00e1 en la II Feria de Empleo de Colmenar Viejo impulsando la inclusi\u00f3n laboral de personas con discapacidad.\" \/>\n<meta property=\"og:url\" content=\"https:\/\/www.eurofirmsfoundation.org\/es\/es\/noticias\/eurofirms-foundation-feria-empleo-colmenar-viejo\/\" \/>\n<meta property=\"og:site_name\" content=\"Fundaci\u00f3n Eurofirms Espa\u00f1a\" \/>\n<meta property=\"article:published_time\" content=\"2026-04-08T07:35:56+00:00\" \/>\n<meta property=\"article:modified_time\" content=\"2026-04-13T09:56:08+00:00\" \/>\n<meta property=\"og:image\" content=\"https:\/\/www.eurofirmsfoundation.org\/es\/wp-content\/uploads\/sites\/2\/2026\/04\/feria-empleo-colmenar-viejo.jpeg\" \/>\n\t<meta property=\"og:image:width\" content=\"600\" \/>\n\t<meta property=\"og:image:height\" content=\"400\" \/>\n\t<meta property=\"og:image:type\" content=\"image\/jpeg\" \/>\n<meta name=\"author\" content=\"ebunuel\" \/>\n<meta name=\"twitter:card\" content=\"summary_large_image\" \/>\n<meta name=\"twitter:creator\" content=\"@marketing@eurofirms.com\" \/>\n<meta name=\"twitter:label1\" content=\"Escrito por\" \/>\n\t<meta name=\"twitter:data1\" content=\"ebunuel\" \/>\n\t<meta name=\"twitter:label2\" content=\"Tiempo de lectura\" \/>\n\t<meta name=\"twitter:data2\" content=\"3 minutos\" \/>\n<script type=\"application\/ld+json\" class=\"yoast-schema-graph\">{\"@context\":\"https:\/\/schema.org\",\"@graph\":[{\"@type\":\"WebPage\",\"@id\":\"https:\/\/www.eurofirmsfoundation.org\/es\/es\/noticias\/eurofirms-foundation-feria-empleo-colmenar-viejo\/\",\"url\":\"https:\/\/www.eurofirmsfoundation.org\/es\/es\/noticias\/eurofirms-foundation-feria-empleo-colmenar-viejo\/\",\"name\":\"Eurofirms Foundation participar\u00e1 en la II Feria de Empleo de Colmenar Viejo para impulsar la inclusi\u00f3n laboral - Fundaci\u00f3n Eurofirms Espa\u00f1a\",\"isPartOf\":{\"@id\":\"https:\/\/www.eurofirmsfoundation.org\/es\/es\/#website\"},\"datePublished\":\"2026-04-08T07:35:56+00:00\",\"dateModified\":\"2026-04-13T09:56:08+00:00\",\"author\":{\"@id\":\"https:\/\/www.eurofirmsfoundation.org\/es\/es\/#\/schema\/person\/e1bfe55e7b0b2edbb3196505122eec8a\"},\"description\":\"Eurofirms Foundation participar\u00e1 en la II Feria de Empleo de Colmenar Viejo impulsando la inclusi\u00f3n laboral de personas con discapacidad.\",\"breadcrumb\":{\"@id\":\"https:\/\/www.eurofirmsfoundation.org\/es\/es\/noticias\/eurofirms-foundation-feria-empleo-colmenar-viejo\/#breadcrumb\"},\"inLanguage\":\"es\",\"potentialAction\":[{\"@type\":\"ReadAction\",\"target\":[\"https:\/\/www.eurofirmsfoundation.org\/es\/es\/noticias\/eurofirms-foundation-feria-empleo-colmenar-viejo\/\"]}]},{\"@type\":\"BreadcrumbList\",\"@id\":\"https:\/\/www.eurofirmsfoundation.org\/es\/es\/noticias\/eurofirms-foundation-feria-empleo-colmenar-viejo\/#breadcrumb\",\"itemListElement\":[{\"@type\":\"ListItem\",\"position\":1,\"name\":\"Portada\",\"item\":\"https:\/\/www.eurofirmsfoundation.org\/es\/es\/\"},{\"@type\":\"ListItem\",\"position\":2,\"name\":\"Eurofirms Foundation participar\u00e1 en la II Feria de Empleo de Colmenar Viejo para impulsar la inclusi\u00f3n laboral\"}]},{\"@type\":\"WebSite\",\"@id\":\"https:\/\/www.eurofirmsfoundation.org\/es\/es\/#website\",\"url\":\"https:\/\/www.eurofirmsfoundation.org\/es\/es\/\",\"name\":\"Fundaci\u00f3n Eurofirms Espa\u00f1a\",\"description\":\"Otro sitio m\u00e1s de Fundaci\u00f3n Eurofirms \",\"potentialAction\":[{\"@type\":\"SearchAction\",\"target\":{\"@type\":\"EntryPoint\",\"urlTemplate\":\"https:\/\/www.eurofirmsfoundation.org\/es\/es\/?s={search_term_string}\"},\"query-input\":\"required name=search_term_string\"}],\"inLanguage\":\"es\"},{\"@type\":\"Person\",\"@id\":\"https:\/\/www.eurofirmsfoundation.org\/es\/es\/#\/schema\/person\/e1bfe55e7b0b2edbb3196505122eec8a\",\"name\":\"ebunuel\",\"image\":{\"@type\":\"ImageObject\",\"inLanguage\":\"es\",\"@id\":\"https:\/\/www.eurofirmsfoundation.org\/es\/es\/#\/schema\/person\/image\/\",\"url\":\"https:\/\/secure.gravatar.com\/avatar\/6fabc7fcb1a4bdd299485d790a4d1664c7d32ee1e846249fe31a7f6a2a53de5e?s=96&d=mm&r=g\",\"contentUrl\":\"https:\/\/secure.gravatar.com\/avatar\/6fabc7fcb1a4bdd299485d790a4d1664c7d32ee1e846249fe31a7f6a2a53de5e?s=96&d=mm&r=g\",\"caption\":\"ebunuel\"},\"sameAs\":[\"https:\/\/twitter.com\/marketing@eurofirms.com\"],\"url\":\"https:\/\/www.eurofirmsfoundation.org\/es\/es\/noticias\/author\/ebunuel\/\"}]}<\/script>\n<!-- \/ Yoast SEO plugin. -->","yoast_head_json":{"title":"Eurofirms Foundation participar\u00e1 en la II Feria de Empleo de Colmenar Viejo para impulsar la inclusi\u00f3n laboral - Fundaci\u00f3n Eurofirms Espa\u00f1a","description":"Eurofirms Foundation participar\u00e1 en la II Feria de Empleo de Colmenar Viejo impulsando la inclusi\u00f3n laboral de personas con discapacidad.","robots":{"index":"index","follow":"follow","max-snippet":"max-snippet:-1","max-image-preview":"max-image-preview:large","max-video-preview":"max-video-preview:-1"},"canonical":"https:\/\/www.eurofirmsfoundation.org\/es\/es\/noticias\/eurofirms-foundation-feria-empleo-colmenar-viejo\/","og_locale":"es_ES","og_type":"article","og_title":"Eurofirms Foundation participar\u00e1 en la II Feria de Empleo de Colmenar Viejo para impulsar la inclusi\u00f3n laboral - Fundaci\u00f3n Eurofirms Espa\u00f1a","og_description":"Eurofirms Foundation participar\u00e1 en la II Feria de Empleo de Colmenar Viejo impulsando la inclusi\u00f3n laboral de personas con discapacidad.","og_url":"https:\/\/www.eurofirmsfoundation.org\/es\/es\/noticias\/eurofirms-foundation-feria-empleo-colmenar-viejo\/","og_site_name":"Fundaci\u00f3n Eurofirms Espa\u00f1a","article_published_time":"2026-04-08T07:35:56+00:00","article_modified_time":"2026-04-13T09:56:08+00:00","og_image":[{"width":600,"height":400,"url":"https:\/\/www.eurofirmsfoundation.org\/es\/wp-content\/uploads\/sites\/2\/2026\/04\/feria-empleo-colmenar-viejo.jpeg","type":"image\/jpeg"}],"author":"ebunuel","twitter_card":"summary_large_image","twitter_creator":"@marketing@eurofirms.com","twitter_misc":{"Escrito por":"ebunuel","Tiempo de lectura":"3 minutos"},"schema":{"@context":"https:\/\/schema.org","@graph":[{"@type":"WebPage","@id":"https:\/\/www.eurofirmsfoundation.org\/es\/es\/noticias\/eurofirms-foundation-feria-empleo-colmenar-viejo\/","url":"https:\/\/www.eurofirmsfoundation.org\/es\/es\/noticias\/eurofirms-foundation-feria-empleo-colmenar-viejo\/","name":"Eurofirms Foundation participar\u00e1 en la II Feria de Empleo de Colmenar Viejo para impulsar la inclusi\u00f3n laboral - Fundaci\u00f3n Eurofirms Espa\u00f1a","isPartOf":{"@id":"https:\/\/www.eurofirmsfoundation.org\/es\/es\/#website"},"datePublished":"2026-04-08T07:35:56+00:00","dateModified":"2026-04-13T09:56:08+00:00","author":{"@id":"https:\/\/www.eurofirmsfoundation.org\/es\/es\/#\/schema\/person\/e1bfe55e7b0b2edbb3196505122eec8a"},"description":"Eurofirms Foundation participar\u00e1 en la II Feria de Empleo de Colmenar Viejo impulsando la inclusi\u00f3n laboral de personas con discapacidad.","breadcrumb":{"@id":"https:\/\/www.eurofirmsfoundation.org\/es\/es\/noticias\/eurofirms-foundation-feria-empleo-colmenar-viejo\/#breadcrumb"},"inLanguage":"es","potentialAction":[{"@type":"ReadAction","target":["https:\/\/www.eurofirmsfoundation.org\/es\/es\/noticias\/eurofirms-foundation-feria-empleo-colmenar-viejo\/"]}]},{"@type":"BreadcrumbList","@id":"https:\/\/www.eurofirmsfoundation.org\/es\/es\/noticias\/eurofirms-foundation-feria-empleo-colmenar-viejo\/#breadcrumb","itemListElement":[{"@type":"ListItem","position":1,"name":"Portada","item":"https:\/\/www.eurofirmsfoundation.org\/es\/es\/"},{"@type":"ListItem","position":2,"name":"Eurofirms Foundation participar\u00e1 en la II Feria de Empleo de Colmenar Viejo para impulsar la inclusi\u00f3n laboral"}]},{"@type":"WebSite","@id":"https:\/\/www.eurofirmsfoundation.org\/es\/es\/#website","url":"https:\/\/www.eurofirmsfoundation.org\/es\/es\/","name":"Fundaci\u00f3n Eurofirms Espa\u00f1a","description":"Otro sitio m\u00e1s de Fundaci\u00f3n Eurofirms ","potentialAction":[{"@type":"SearchAction","target":{"@type":"EntryPoint","urlTemplate":"https:\/\/www.eurofirmsfoundation.org\/es\/es\/?s={search_term_string}"},"query-input":"required name=search_term_string"}],"inLanguage":"es"},{"@type":"Person","@id":"https:\/\/www.eurofirmsfoundation.org\/es\/es\/#\/schema\/person\/e1bfe55e7b0b2edbb3196505122eec8a","name":"ebunuel","image":{"@type":"ImageObject","inLanguage":"es","@id":"https:\/\/www.eurofirmsfoundation.org\/es\/es\/#\/schema\/person\/image\/","url":"https:\/\/secure.gravatar.com\/avatar\/6fabc7fcb1a4bdd299485d790a4d1664c7d32ee1e846249fe31a7f6a2a53de5e?s=96&d=mm&r=g","contentUrl":"https:\/\/secure.gravatar.com\/avatar\/6fabc7fcb1a4bdd299485d790a4d1664c7d32ee1e846249fe31a7f6a2a53de5e?s=96&d=mm&r=g","caption":"ebunuel"},"sameAs":["https:\/\/twitter.com\/marketing@eurofirms.com"],"url":"https:\/\/www.eurofirmsfoundation.org\/es\/es\/noticias\/author\/ebunuel\/"}]}},"_links":{"self":[{"href":"https:\/\/www.eurofirmsfoundation.org\/es\/es\/wp-json\/wp\/v2\/posts\/30407","targetHints":{"allow":["GET"]}}],"collection":[{"href":"https:\/\/www.eurofirmsfoundation.org\/es\/es\/wp-json\/wp\/v2\/posts"}],"about":[{"href":"https:\/\/www.eurofirmsfoundation.org\/es\/es\/wp-json\/wp\/v2\/types\/post"}],"author":[{"embeddable":true,"href":"https:\/\/www.eurofirmsfoundation.org\/es\/es\/wp-json\/wp\/v2\/users\/6"}],"replies":[{"embeddable":true,"href":"https:\/\/www.eurofirmsfoundation.org\/es\/es\/wp-json\/wp\/v2\/comments?post=30407"}],"version-history":[{"count":3,"href":"https:\/\/www.eurofirmsfoundation.org\/es\/es\/wp-json\/wp\/v2\/posts\/30407\/revisions"}],"predecessor-version":[{"id":30433,"href":"https:\/\/www.eurofirmsfoundation.org\/es\/es\/wp-json\/wp\/v2\/posts\/30407\/revisions\/30433"}],"wp:featuredmedia":[{"embeddable":true,"href":"https:\/\/www.eurofirmsfoundation.org\/es\/es\/wp-json\/wp\/v2\/media\/30414"}],"wp:attachment":[{"href":"https:\/\/www.eurofirmsfoundation.org\/es\/es\/wp-json\/wp\/v2\/media?parent=30407"}],"wp:term":[{"taxonomy":"category","embeddable":true,"href":"https:\/\/www.eurofirmsfoundation.org\/es\/es\/wp-json\/wp\/v2\/categories?post=30407"},{"taxonomy":"post_tag","embeddable":true,"href":"https:\/\/www.eurofirmsfoundation.org\/es\/es\/wp-json\/wp\/v2\/tags?post=30407"}],"curies":[{"name":"wp","href":"https:\/\/api.w.org\/{rel}","templated":true}]}}