{"id":30216,"date":"2026-03-10T09:42:03","date_gmt":"2026-03-10T09:42:03","guid":{"rendered":"https:\/\/www.eurofirmsfoundation.org\/es\/?p=30216"},"modified":"2026-03-10T09:55:51","modified_gmt":"2026-03-10T09:55:51","slug":"entrevista-federacio-catalana-campings-eurofirms-majid-taher","status":"publish","type":"post","link":"https:\/\/www.eurofirmsfoundation.org\/es\/ca\/noticias\/entrevista-federacio-catalana-campings-eurofirms-majid-taher\/","title":{"rendered":"Turisme inclusiu: Majid Taher analitza els reptes del sector en una entrevista amb la Federaci\u00f3 Catalana de C\u00e0mpings"},"content":{"rendered":"\n<p>La <a href=\"https:\/\/www.campingsdecatalunya.org\/\">Federaci\u00f3 Catalana de C\u00e0mpings<\/a> ha conversat en una <a href=\"https:\/\/www.campingsdecatalunya.org\/inclusio-laboral-sector-camping\/\">entrevista amb el Majid Taher<\/a>, Executive Leader d&#8217;Eurofirms Foundation, per abordar els beneficis de la inclusi\u00f3 laboral en el sector tur\u00edstic i l&#8217;impacte positiu que la diversidad genera als c\u00e0mpings i als seus equips.<\/p>\n\n\n\n<h2 class=\"wp-block-heading\">Inclusi\u00f3 com a avantatge competitiu<\/h2>\n\n\n\n<p>Durant l&#8217;entrevista, Majid Taher, d&#8217;Eurofirms Foundation, va explicar que la inclusi\u00f3 laboral de persones amb discapacitat permet a les empreses del sector del c\u00e0mping cobrir llocs en \u00e0rees clau com recepci\u00f3, manteniment, restauraci\u00f3 o animaci\u00f3, sempre des d&#8217;una perspectiva d&#8217;accessibilitat i adaptaci\u00f3. Tamb\u00e9 va assenyalar la import\u00e0ncia de la formaci\u00f3 i la sensibilitzaci\u00f3 per trencar estereotips i consolidar entorns laborals respectuosos.<\/p>\n\n\n\n<p>Taher va destacar que la <strong>col\u00b7laboraci\u00f3 amb entitats especialitzades<\/strong>, com Eurofirms Foundation, facilita processos de selecci\u00f3 inclusiva i de qualitat, capa\u00e7os d&#8217;identificar el talent per a totes les posicions, inclosos comandaments intermedis i perfils directius.<\/p>\n\n\n\n<h2 class=\"wp-block-heading\">Programes, experi\u00e8ncies i beneficis reals per a les empreses<\/h2>\n\n\n\n<p>Al llarg de l&#8217;entrevista, l&#8217;Executive Leader va compartir exemples d&#8217;\u00e8xit amb grans empreses del sector tur\u00edstic, com Marriott, Barcel\u00f3 o Accor, amb qui s&#8217;han dut a terme accions de formaci\u00f3, sensibilitzaci\u00f3 i selecci\u00f3 adaptada. Aquestes inciatives han perm\u00e8s millorar la diversitat dels equips i refor\u00e7ar l&#8217;experi\u00e8ncia del client.<\/p>\n\n\n\n<p><strong><a href=\"https:\/\/www.eurofirmsfoundation.org\/es\/ca\/eurofirms-foundation\/\">Eurofirms Foundation<\/a> ofereix programes integrals de recolzament a les organitzacions<\/strong>. En s\u00f3n diversos, com el Programa Iguals, diagn\u00f2stics d&#8217;inclusi\u00f3, accions formatives i de voluntariat, aix\u00ed com la tramitaci\u00f3 del certificat d&#8217;excepcionalitat. Segons Taher, els beneficis s\u00f3n evidents: reducci\u00f3 de rotaci\u00f3, major comprom\u00eds, augment del rendiment, millora reputacional i acc\u00e9s a noves oportunitats de negoci i licitaci\u00f3.<\/p>\n\n\n\n<h2 class=\"wp-block-heading\">Reptes actuals i mirada cap al futur<\/h2>\n\n\n\n<p>Taher va subratllar que<strong> els principals reptes per avan\u00e7ar en inclusi\u00f3 laboral segueixen sent culturals<\/strong>. Persist\u00e8nia de prejudicis, falta de coneixement i una visi\u00f3 limitada que percep la inclusi\u00f3 com un cost, quan en realitat es tracta d&#8217;una inversi\u00f3 estrat\u00e8gica.<\/p>\n\n\n\n<p>Tamb\u00e9 va assenyalar l&#8217;impacte de la digitalitzaci\u00f3 i de la intel\u00b7lig\u00e8ncia artificial en els processos de selecci\u00f3. Aquests, poden generar barreres si no es gestionen de manera \u00e8tica. Per aix\u00f2, Eurofirms Foundation impulsa inciatives com la formaci\u00f3 &#8220;Hackeja el teu CV&#8221;, pensada per ajudar a les persones a adaptar-se a aquests nous sistemes.<\/p>\n\n\n\n<p>L&#8217;entrevista conclou amb un missatge clau: <strong>la inclusi\u00f3 es construeix amb accions visibles i comprom\u00eds.<\/strong><\/p>\n\n\n\n<p><\/p>\n","protected":false},"excerpt":{"rendered":"<p>La Federaci\u00f3 Catalana de C\u00e0mpings ha conversat en una entrevista amb el Majid Taher, Executive Leader d&#8217;Eurofirms Foundation, per abordar els beneficis de la inclusi\u00f3 laboral en el sector tur\u00edstic i l&#8217;impacte positiu que la diversidad genera als c\u00e0mpings i als seus equips. Inclusi\u00f3 com a avantatge competitiu Durant l&#8217;entrevista, Majid Taher, d&#8217;Eurofirms Foundation, va explicar que la inclusi\u00f3 laboral de persones amb discapacitat permet a les empreses del sector del c\u00e0mping cobrir llocs en \u00e0rees clau com recepci\u00f3, manteniment, restauraci\u00f3 o animaci\u00f3, sempre des d&#8217;una perspectiva d&#8217;accessibilitat i adaptaci\u00f3. Tamb\u00e9 va assenyalar la import\u00e0ncia de la formaci\u00f3 i la sensibilitzaci\u00f3 per trencar estereotips i consolidar entorns laborals respectuosos. Taher va destacar que la col\u00b7laboraci\u00f3 amb entitats especialitzades, com Eurofirms Foundation, facilita processos de selecci\u00f3 inclusiva i de qualitat, capa\u00e7os d&#8217;identificar el talent per a totes les posicions, inclosos comandaments intermedis i perfils directius. Programes, experi\u00e8ncies i beneficis reals per&#8230;<\/p>\n","protected":false},"author":6,"featured_media":30213,"comment_status":"open","ping_status":"open","sticky":false,"template":"","format":"standard","meta":{"inline_featured_image":false,"footnotes":""},"categories":[2],"tags":[],"class_list":["post-30216","post","type-post","status-publish","format-standard","has-post-thumbnail","hentry","category-sin-categorizar-ca"],"yoast_head":"<!-- This site is optimized with the Yoast SEO plugin v20.1 - https:\/\/yoast.com\/wordpress\/plugins\/seo\/ -->\n<title>Turisme inclusiu: Majid Taher analitza els reptes del sector en una entrevista amb la Federaci\u00f3 Catalana de C\u00e0mpings - Fundaci\u00f3n Eurofirms Espa\u00f1a<\/title>\n<meta name=\"description\" content=\"Entrevista a Majid Taher d&#039;Eurofirms Foundation amb la Federaci\u00f3 Catalana de C\u00e0mpings, avan\u00e7ar cap a un turisme m\u00e9s inclusiu i sostenible.\" \/>\n<meta name=\"robots\" content=\"index, follow, max-snippet:-1, max-image-preview:large, max-video-preview:-1\" \/>\n<link rel=\"canonical\" href=\"https:\/\/www.eurofirmsfoundation.org\/es\/ca\/noticias\/entrevista-federacio-catalana-campings-eurofirms-majid-taher\/\" \/>\n<meta property=\"og:locale\" content=\"ca_ES\" \/>\n<meta property=\"og:type\" content=\"article\" \/>\n<meta property=\"og:title\" content=\"Turisme inclusiu: Majid Taher analitza els reptes del sector en una entrevista amb la Federaci\u00f3 Catalana de C\u00e0mpings - Fundaci\u00f3n Eurofirms Espa\u00f1a\" \/>\n<meta property=\"og:description\" content=\"Entrevista a Majid Taher d&#039;Eurofirms Foundation amb la Federaci\u00f3 Catalana de C\u00e0mpings, avan\u00e7ar cap a un turisme m\u00e9s inclusiu i sostenible.\" \/>\n<meta property=\"og:url\" content=\"https:\/\/www.eurofirmsfoundation.org\/es\/ca\/noticias\/entrevista-federacio-catalana-campings-eurofirms-majid-taher\/\" \/>\n<meta property=\"og:site_name\" content=\"Fundaci\u00f3n Eurofirms Espa\u00f1a\" \/>\n<meta property=\"article:published_time\" content=\"2026-03-10T09:42:03+00:00\" \/>\n<meta property=\"article:modified_time\" content=\"2026-03-10T09:55:51+00:00\" \/>\n<meta property=\"og:image\" content=\"https:\/\/www.eurofirmsfoundation.org\/es\/wp-content\/uploads\/sites\/2\/2026\/03\/1638177627863.jpg\" \/>\n\t<meta property=\"og:image:width\" content=\"599\" \/>\n\t<meta property=\"og:image:height\" content=\"599\" \/>\n\t<meta property=\"og:image:type\" content=\"image\/jpeg\" \/>\n<meta name=\"author\" content=\"ebunuel\" \/>\n<meta name=\"twitter:card\" content=\"summary_large_image\" \/>\n<meta name=\"twitter:creator\" content=\"@marketing@eurofirms.com\" \/>\n<meta name=\"twitter:label1\" content=\"Escrit per\" \/>\n\t<meta name=\"twitter:data1\" content=\"ebunuel\" \/>\n\t<meta name=\"twitter:label2\" content=\"Temps estimat de lectura\" \/>\n\t<meta name=\"twitter:data2\" content=\"2 minuts\" \/>\n<script type=\"application\/ld+json\" class=\"yoast-schema-graph\">{\"@context\":\"https:\/\/schema.org\",\"@graph\":[{\"@type\":\"WebPage\",\"@id\":\"https:\/\/www.eurofirmsfoundation.org\/es\/ca\/noticias\/entrevista-federacio-catalana-campings-eurofirms-majid-taher\/\",\"url\":\"https:\/\/www.eurofirmsfoundation.org\/es\/ca\/noticias\/entrevista-federacio-catalana-campings-eurofirms-majid-taher\/\",\"name\":\"Turisme inclusiu: Majid Taher analitza els reptes del sector en una entrevista amb la Federaci\u00f3 Catalana de C\u00e0mpings - Fundaci\u00f3n Eurofirms Espa\u00f1a\",\"isPartOf\":{\"@id\":\"https:\/\/www.eurofirmsfoundation.org\/es\/es\/#website\"},\"datePublished\":\"2026-03-10T09:42:03+00:00\",\"dateModified\":\"2026-03-10T09:55:51+00:00\",\"author\":{\"@id\":\"https:\/\/www.eurofirmsfoundation.org\/es\/es\/#\/schema\/person\/e1bfe55e7b0b2edbb3196505122eec8a\"},\"description\":\"Entrevista a Majid Taher d'Eurofirms Foundation amb la Federaci\u00f3 Catalana de C\u00e0mpings, avan\u00e7ar cap a un turisme m\u00e9s inclusiu i sostenible.\",\"breadcrumb\":{\"@id\":\"https:\/\/www.eurofirmsfoundation.org\/es\/ca\/noticias\/entrevista-federacio-catalana-campings-eurofirms-majid-taher\/#breadcrumb\"},\"inLanguage\":\"ca\",\"potentialAction\":[{\"@type\":\"ReadAction\",\"target\":[\"https:\/\/www.eurofirmsfoundation.org\/es\/ca\/noticias\/entrevista-federacio-catalana-campings-eurofirms-majid-taher\/\"]}]},{\"@type\":\"BreadcrumbList\",\"@id\":\"https:\/\/www.eurofirmsfoundation.org\/es\/ca\/noticias\/entrevista-federacio-catalana-campings-eurofirms-majid-taher\/#breadcrumb\",\"itemListElement\":[{\"@type\":\"ListItem\",\"position\":1,\"name\":\"Portada\",\"item\":\"https:\/\/www.eurofirmsfoundation.org\/es\/ca\/\"},{\"@type\":\"ListItem\",\"position\":2,\"name\":\"Turisme inclusiu: Majid Taher analitza els reptes del sector en una entrevista amb la Federaci\u00f3 Catalana de C\u00e0mpings\"}]},{\"@type\":\"WebSite\",\"@id\":\"https:\/\/www.eurofirmsfoundation.org\/es\/es\/#website\",\"url\":\"https:\/\/www.eurofirmsfoundation.org\/es\/es\/\",\"name\":\"Fundaci\u00f3n Eurofirms Espa\u00f1a\",\"description\":\"Otro sitio m\u00e1s de Fundaci\u00f3n Eurofirms \",\"potentialAction\":[{\"@type\":\"SearchAction\",\"target\":{\"@type\":\"EntryPoint\",\"urlTemplate\":\"https:\/\/www.eurofirmsfoundation.org\/es\/es\/?s={search_term_string}\"},\"query-input\":\"required name=search_term_string\"}],\"inLanguage\":\"ca\"},{\"@type\":\"Person\",\"@id\":\"https:\/\/www.eurofirmsfoundation.org\/es\/es\/#\/schema\/person\/e1bfe55e7b0b2edbb3196505122eec8a\",\"name\":\"ebunuel\",\"image\":{\"@type\":\"ImageObject\",\"inLanguage\":\"ca\",\"@id\":\"https:\/\/www.eurofirmsfoundation.org\/es\/es\/#\/schema\/person\/image\/\",\"url\":\"https:\/\/secure.gravatar.com\/avatar\/6fabc7fcb1a4bdd299485d790a4d1664c7d32ee1e846249fe31a7f6a2a53de5e?s=96&d=mm&r=g\",\"contentUrl\":\"https:\/\/secure.gravatar.com\/avatar\/6fabc7fcb1a4bdd299485d790a4d1664c7d32ee1e846249fe31a7f6a2a53de5e?s=96&d=mm&r=g\",\"caption\":\"ebunuel\"},\"sameAs\":[\"https:\/\/twitter.com\/marketing@eurofirms.com\"],\"url\":\"https:\/\/www.eurofirmsfoundation.org\/es\/ca\/noticias\/author\/ebunuel\/\"}]}<\/script>\n<!-- \/ Yoast SEO plugin. -->","yoast_head_json":{"title":"Turisme inclusiu: Majid Taher analitza els reptes del sector en una entrevista amb la Federaci\u00f3 Catalana de C\u00e0mpings - Fundaci\u00f3n Eurofirms Espa\u00f1a","description":"Entrevista a Majid Taher d'Eurofirms Foundation amb la Federaci\u00f3 Catalana de C\u00e0mpings, avan\u00e7ar cap a un turisme m\u00e9s inclusiu i sostenible.","robots":{"index":"index","follow":"follow","max-snippet":"max-snippet:-1","max-image-preview":"max-image-preview:large","max-video-preview":"max-video-preview:-1"},"canonical":"https:\/\/www.eurofirmsfoundation.org\/es\/ca\/noticias\/entrevista-federacio-catalana-campings-eurofirms-majid-taher\/","og_locale":"ca_ES","og_type":"article","og_title":"Turisme inclusiu: Majid Taher analitza els reptes del sector en una entrevista amb la Federaci\u00f3 Catalana de C\u00e0mpings - Fundaci\u00f3n Eurofirms Espa\u00f1a","og_description":"Entrevista a Majid Taher d'Eurofirms Foundation amb la Federaci\u00f3 Catalana de C\u00e0mpings, avan\u00e7ar cap a un turisme m\u00e9s inclusiu i sostenible.","og_url":"https:\/\/www.eurofirmsfoundation.org\/es\/ca\/noticias\/entrevista-federacio-catalana-campings-eurofirms-majid-taher\/","og_site_name":"Fundaci\u00f3n Eurofirms Espa\u00f1a","article_published_time":"2026-03-10T09:42:03+00:00","article_modified_time":"2026-03-10T09:55:51+00:00","og_image":[{"width":599,"height":599,"url":"https:\/\/www.eurofirmsfoundation.org\/es\/wp-content\/uploads\/sites\/2\/2026\/03\/1638177627863.jpg","type":"image\/jpeg"}],"author":"ebunuel","twitter_card":"summary_large_image","twitter_creator":"@marketing@eurofirms.com","twitter_misc":{"Escrit per":"ebunuel","Temps estimat de lectura":"2 minuts"},"schema":{"@context":"https:\/\/schema.org","@graph":[{"@type":"WebPage","@id":"https:\/\/www.eurofirmsfoundation.org\/es\/ca\/noticias\/entrevista-federacio-catalana-campings-eurofirms-majid-taher\/","url":"https:\/\/www.eurofirmsfoundation.org\/es\/ca\/noticias\/entrevista-federacio-catalana-campings-eurofirms-majid-taher\/","name":"Turisme inclusiu: Majid Taher analitza els reptes del sector en una entrevista amb la Federaci\u00f3 Catalana de C\u00e0mpings - Fundaci\u00f3n Eurofirms Espa\u00f1a","isPartOf":{"@id":"https:\/\/www.eurofirmsfoundation.org\/es\/es\/#website"},"datePublished":"2026-03-10T09:42:03+00:00","dateModified":"2026-03-10T09:55:51+00:00","author":{"@id":"https:\/\/www.eurofirmsfoundation.org\/es\/es\/#\/schema\/person\/e1bfe55e7b0b2edbb3196505122eec8a"},"description":"Entrevista a Majid Taher d'Eurofirms Foundation amb la Federaci\u00f3 Catalana de C\u00e0mpings, avan\u00e7ar cap a un turisme m\u00e9s inclusiu i sostenible.","breadcrumb":{"@id":"https:\/\/www.eurofirmsfoundation.org\/es\/ca\/noticias\/entrevista-federacio-catalana-campings-eurofirms-majid-taher\/#breadcrumb"},"inLanguage":"ca","potentialAction":[{"@type":"ReadAction","target":["https:\/\/www.eurofirmsfoundation.org\/es\/ca\/noticias\/entrevista-federacio-catalana-campings-eurofirms-majid-taher\/"]}]},{"@type":"BreadcrumbList","@id":"https:\/\/www.eurofirmsfoundation.org\/es\/ca\/noticias\/entrevista-federacio-catalana-campings-eurofirms-majid-taher\/#breadcrumb","itemListElement":[{"@type":"ListItem","position":1,"name":"Portada","item":"https:\/\/www.eurofirmsfoundation.org\/es\/ca\/"},{"@type":"ListItem","position":2,"name":"Turisme inclusiu: Majid Taher analitza els reptes del sector en una entrevista amb la Federaci\u00f3 Catalana de C\u00e0mpings"}]},{"@type":"WebSite","@id":"https:\/\/www.eurofirmsfoundation.org\/es\/es\/#website","url":"https:\/\/www.eurofirmsfoundation.org\/es\/es\/","name":"Fundaci\u00f3n Eurofirms Espa\u00f1a","description":"Otro sitio m\u00e1s de Fundaci\u00f3n Eurofirms ","potentialAction":[{"@type":"SearchAction","target":{"@type":"EntryPoint","urlTemplate":"https:\/\/www.eurofirmsfoundation.org\/es\/es\/?s={search_term_string}"},"query-input":"required name=search_term_string"}],"inLanguage":"ca"},{"@type":"Person","@id":"https:\/\/www.eurofirmsfoundation.org\/es\/es\/#\/schema\/person\/e1bfe55e7b0b2edbb3196505122eec8a","name":"ebunuel","image":{"@type":"ImageObject","inLanguage":"ca","@id":"https:\/\/www.eurofirmsfoundation.org\/es\/es\/#\/schema\/person\/image\/","url":"https:\/\/secure.gravatar.com\/avatar\/6fabc7fcb1a4bdd299485d790a4d1664c7d32ee1e846249fe31a7f6a2a53de5e?s=96&d=mm&r=g","contentUrl":"https:\/\/secure.gravatar.com\/avatar\/6fabc7fcb1a4bdd299485d790a4d1664c7d32ee1e846249fe31a7f6a2a53de5e?s=96&d=mm&r=g","caption":"ebunuel"},"sameAs":["https:\/\/twitter.com\/marketing@eurofirms.com"],"url":"https:\/\/www.eurofirmsfoundation.org\/es\/ca\/noticias\/author\/ebunuel\/"}]}},"_links":{"self":[{"href":"https:\/\/www.eurofirmsfoundation.org\/es\/ca\/wp-json\/wp\/v2\/posts\/30216","targetHints":{"allow":["GET"]}}],"collection":[{"href":"https:\/\/www.eurofirmsfoundation.org\/es\/ca\/wp-json\/wp\/v2\/posts"}],"about":[{"href":"https:\/\/www.eurofirmsfoundation.org\/es\/ca\/wp-json\/wp\/v2\/types\/post"}],"author":[{"embeddable":true,"href":"https:\/\/www.eurofirmsfoundation.org\/es\/ca\/wp-json\/wp\/v2\/users\/6"}],"replies":[{"embeddable":true,"href":"https:\/\/www.eurofirmsfoundation.org\/es\/ca\/wp-json\/wp\/v2\/comments?post=30216"}],"version-history":[{"count":1,"href":"https:\/\/www.eurofirmsfoundation.org\/es\/ca\/wp-json\/wp\/v2\/posts\/30216\/revisions"}],"predecessor-version":[{"id":30217,"href":"https:\/\/www.eurofirmsfoundation.org\/es\/ca\/wp-json\/wp\/v2\/posts\/30216\/revisions\/30217"}],"wp:featuredmedia":[{"embeddable":true,"href":"https:\/\/www.eurofirmsfoundation.org\/es\/ca\/wp-json\/wp\/v2\/media\/30213"}],"wp:attachment":[{"href":"https:\/\/www.eurofirmsfoundation.org\/es\/ca\/wp-json\/wp\/v2\/media?parent=30216"}],"wp:term":[{"taxonomy":"category","embeddable":true,"href":"https:\/\/www.eurofirmsfoundation.org\/es\/ca\/wp-json\/wp\/v2\/categories?post=30216"},{"taxonomy":"post_tag","embeddable":true,"href":"https:\/\/www.eurofirmsfoundation.org\/es\/ca\/wp-json\/wp\/v2\/tags?post=30216"}],"curies":[{"name":"wp","href":"https:\/\/api.w.org\/{rel}","templated":true}]}}