{"id":30202,"date":"2026-03-09T16:07:26","date_gmt":"2026-03-09T16:07:26","guid":{"rendered":"https:\/\/www.eurofirmsfoundation.org\/es\/?p=30202"},"modified":"2026-03-10T08:24:50","modified_gmt":"2026-03-10T08:24:50","slug":"eurofirms-foundation-programa-iguals-xile","status":"publish","type":"post","link":"https:\/\/www.eurofirmsfoundation.org\/es\/ca\/noticias\/eurofirms-foundation-programa-iguals-xile\/","title":{"rendered":"El Programa Iguals d&#8217;Eurofirms Foundation aterra a Xile"},"content":{"rendered":"\n<p>El <a href=\"https:\/\/www.eurofirmsfoundation.org\/es\/es\/servicios-inclusion-laboral\/\">Programa Iguals<\/a>, una de les iniciatives m\u00e9s consolidades d&#8217;Eurofirms Foundation en l&#8217;\u00e0mbit de la inclusi\u00f3 laboral, ha comen\u00e7at el seu desplegament a Xile. S&#8217;ha realitzat amb una presentaci\u00f3 a l&#8217;equip complet d&#8217;<a href=\"https:\/\/www.eurofirms.com\/cl\/es\/\">Eurofirms Xile<\/a>, format per m\u00e9s de <strong>60 persones professionals. <\/strong>La sessi\u00f3 va ser a c\u00e0rrec de la Carme Jord\u00e0, consultora d&#8217;Eurofirms Foundation, juntament amb la Daniela Silva i Hardy Bravo, representants de la fundaci\u00f3 al pa\u00eds. Amb aquest llan\u00e7ament, Xile se suma a altres mercats on el programa ja ha demostrat la seva capacitat per transformar cultures corporatives i afavorir l&#8217;aflorament de persones amb discapacitat dins les organitzacions.<\/p>\n\n\n\n<h2 class=\"wp-block-heading\">Un programa d&#8217;aflorament que acompanya, orienta i transforma<\/h2>\n\n\n\n<p>El Programa Iguales \u00e9s una eina dissenyada per facilitar <strong>l&#8217;aflorament voluntari<\/strong> de les persones amb discapacitat a les organitzacions. S&#8217;ofereix un espai segur i confidencial perqu\u00e8 els qui ho desitgin puguin demanar informaci\u00f3 sobre la seva situaci\u00f3.<\/p>\n\n\n\n<p>El programa ofereix un acompanyament integral pels qui vulguin comen\u00e7ar o completar el proc\u00e9s d&#8217;obtenci\u00f3 del <strong>Certificat de Discapacitat<\/strong>. Aix\u00f2 inclou la guia sobre els requisits, la tramitaci\u00f3 davant dels organismes competents i el seguiment durant tot el procediment. Tamb\u00e9 contempla el recolzament per obtenir la Targeta Acreditativa de Discapacitat, l&#8217;acreditaci\u00f3 de mobilitat redu\u00efda, i l&#8217;ajuda en renovacions o revisions del grau de discapacitat. Tot aix\u00f2 es realitza sempre sota l&#8217;estricta confidencialitat, assegurant que cap informaci\u00f3 personal es comparteix amb l&#8217;empresa.<\/p>\n\n\n\n<p>Amb aquest enfocament, el Programa Iguales no nom\u00e9s facilita l&#8217;acc\u00e9s a drets i beneficis per a les persones treballadores, sin\u00f3 que tamb\u00e9 <strong>contribueix a crear entorns laborals on les difer\u00e8ncies s&#8217;entenen com un valor afegit.<\/strong><\/p>\n\n\n\n<h2 class=\"wp-block-heading\">Acompanyament a empreses i enfortiment de la cultura inclusiva<\/h2>\n\n\n\n<p>La implementaci\u00f3 del programa a Xile seguir\u00e0 el model que ja ha demostrat la seva efic\u00e0cia en altres pa\u00efsos. Aquest proc\u00e9s s&#8217;inicia amb la definici\u00f3 d&#8217;un pla d&#8217;acci\u00f3 adaptat a la realitat de cada companyia. Despr\u00e9s, amb la identificaci\u00f3 dels canals interns m\u00e9s adequats per comunicar la iniciativa. Una vegada activat, l&#8217;equip d&#8217;Eurofirms Foundation aten individualment a totes les persones que desitgin informaci\u00f3 o iniciar el tr\u00e0mit.<\/p>\n\n\n\n<p>A l&#8217;acabar, l&#8217;empresa rep un informe global amb les conclusions del programa, aprenentatges i recomanacions estrat\u00e8giques. Aquest informe mai inclou dades personals ni identitats, garantint aix\u00ed la privacitat de les persones ateses.<\/p>\n\n\n\n<p>A m\u00e9s del servei directa a les persones treballadores, <strong>el Programa Iguals proporciona un valor afegit a les organitzacions a l&#8217;impulsar cultures corporatives m\u00e9s equitatives, sensibilitzar als equips i oferir a l\u00edders i responsables eines per comprendre millor la discapacitat i gestionar-la des d&#8217;un enfocament respectu\u00f3s i professional.<\/strong><\/p>\n\n\n\n<h2 class=\"wp-block-heading\">Una aposta clau per l&#8217;aven\u00e7 de la inclusi\u00f3 a Xile<\/h2>\n\n\n\n<p>L&#8217;arribada del Programa Iguals suposa un aven\u00e7 important en l&#8217;estrat\u00e8gia de diversitat i inclusi\u00f3 d&#8217;Eurofirms Xile. Aix\u00ed, s&#8217;alinea amb el creixent inter\u00e9s del pa\u00eds per implementar programes que promoguin el benestar, l&#8217;equitat i la igualtat d&#8217;oportunitats. Aquest aven\u00e7 demostra que <strong>existeix un comprom\u00eds real per part de la companyia i els seus professionals per seguir construint un entorn laboral m\u00e9s just, accessible i centrat en les persones.<\/strong><\/p>\n\n\n\n<p><\/p>\n","protected":false},"excerpt":{"rendered":"<p>El Programa Iguals, una de les iniciatives m\u00e9s consolidades d&#8217;Eurofirms Foundation en l&#8217;\u00e0mbit de la inclusi\u00f3 laboral, ha comen\u00e7at el seu desplegament a Xile. S&#8217;ha realitzat amb una presentaci\u00f3 a l&#8217;equip complet d&#8217;Eurofirms Xile, format per m\u00e9s de 60 persones professionals. La sessi\u00f3 va ser a c\u00e0rrec de la Carme Jord\u00e0, consultora d&#8217;Eurofirms Foundation, juntament amb la Daniela Silva i Hardy Bravo, representants de la fundaci\u00f3 al pa\u00eds. Amb aquest llan\u00e7ament, Xile se suma a altres mercats on el programa ja ha demostrat la seva capacitat per transformar cultures corporatives i afavorir l&#8217;aflorament de persones amb discapacitat dins les organitzacions. Un programa d&#8217;aflorament que acompanya, orienta i transforma El Programa Iguales \u00e9s una eina dissenyada per facilitar l&#8217;aflorament voluntari de les persones amb discapacitat a les organitzacions. S&#8217;ofereix un espai segur i confidencial perqu\u00e8 els qui ho desitgin puguin demanar informaci\u00f3 sobre la seva situaci\u00f3. El programa ofereix un acompanyament&#8230;<\/p>\n","protected":false},"author":6,"featured_media":30199,"comment_status":"open","ping_status":"open","sticky":false,"template":"","format":"standard","meta":{"inline_featured_image":false,"footnotes":""},"categories":[2],"tags":[],"class_list":["post-30202","post","type-post","status-publish","format-standard","has-post-thumbnail","hentry","category-sin-categorizar-ca"],"yoast_head":"<!-- This site is optimized with the Yoast SEO plugin v20.1 - https:\/\/yoast.com\/wordpress\/plugins\/seo\/ -->\n<title>El Programa Iguals d&#039;Eurofirms Foundation aterra a Xile - Fundaci\u00f3n Eurofirms Espa\u00f1a<\/title>\n<meta name=\"description\" content=\"Eurofirms Foundation presenta a Xile el Programa Iguals, una iniciativa que impulsa l&#039;aflorament de persones amb discapacitat.\" \/>\n<meta name=\"robots\" content=\"index, follow, max-snippet:-1, max-image-preview:large, max-video-preview:-1\" \/>\n<link rel=\"canonical\" href=\"https:\/\/www.eurofirmsfoundation.org\/es\/ca\/noticias\/eurofirms-foundation-programa-iguals-xile\/\" \/>\n<meta property=\"og:locale\" content=\"ca_ES\" \/>\n<meta property=\"og:type\" content=\"article\" \/>\n<meta property=\"og:title\" content=\"El Programa Iguals d&#039;Eurofirms Foundation aterra a Xile - Fundaci\u00f3n Eurofirms Espa\u00f1a\" \/>\n<meta property=\"og:description\" content=\"Eurofirms Foundation presenta a Xile el Programa Iguals, una iniciativa que impulsa l&#039;aflorament de persones amb discapacitat.\" \/>\n<meta property=\"og:url\" content=\"https:\/\/www.eurofirmsfoundation.org\/es\/ca\/noticias\/eurofirms-foundation-programa-iguals-xile\/\" \/>\n<meta property=\"og:site_name\" content=\"Fundaci\u00f3n Eurofirms Espa\u00f1a\" \/>\n<meta property=\"article:published_time\" content=\"2026-03-09T16:07:26+00:00\" \/>\n<meta property=\"article:modified_time\" content=\"2026-03-10T08:24:50+00:00\" \/>\n<meta property=\"og:image\" content=\"https:\/\/www.eurofirmsfoundation.org\/es\/wp-content\/uploads\/sites\/2\/2026\/03\/Visita-Carme-Jorda-Eurofirms-Foundation-Chile-1-1-scaled.jpg\" \/>\n\t<meta property=\"og:image:width\" content=\"2560\" \/>\n\t<meta property=\"og:image:height\" content=\"2542\" \/>\n\t<meta property=\"og:image:type\" content=\"image\/jpeg\" \/>\n<meta name=\"author\" content=\"ebunuel\" \/>\n<meta name=\"twitter:card\" content=\"summary_large_image\" \/>\n<meta name=\"twitter:creator\" content=\"@marketing@eurofirms.com\" \/>\n<meta name=\"twitter:label1\" content=\"Escrit per\" \/>\n\t<meta name=\"twitter:data1\" content=\"ebunuel\" \/>\n\t<meta name=\"twitter:label2\" content=\"Temps estimat de lectura\" \/>\n\t<meta name=\"twitter:data2\" content=\"3 minuts\" \/>\n<script type=\"application\/ld+json\" class=\"yoast-schema-graph\">{\"@context\":\"https:\/\/schema.org\",\"@graph\":[{\"@type\":\"WebPage\",\"@id\":\"https:\/\/www.eurofirmsfoundation.org\/es\/ca\/noticias\/eurofirms-foundation-programa-iguals-xile\/\",\"url\":\"https:\/\/www.eurofirmsfoundation.org\/es\/ca\/noticias\/eurofirms-foundation-programa-iguals-xile\/\",\"name\":\"El Programa Iguals d'Eurofirms Foundation aterra a Xile - Fundaci\u00f3n Eurofirms Espa\u00f1a\",\"isPartOf\":{\"@id\":\"https:\/\/www.eurofirmsfoundation.org\/es\/es\/#website\"},\"datePublished\":\"2026-03-09T16:07:26+00:00\",\"dateModified\":\"2026-03-10T08:24:50+00:00\",\"author\":{\"@id\":\"https:\/\/www.eurofirmsfoundation.org\/es\/es\/#\/schema\/person\/e1bfe55e7b0b2edbb3196505122eec8a\"},\"description\":\"Eurofirms Foundation presenta a Xile el Programa Iguals, una iniciativa que impulsa l'aflorament de persones amb discapacitat.\",\"breadcrumb\":{\"@id\":\"https:\/\/www.eurofirmsfoundation.org\/es\/ca\/noticias\/eurofirms-foundation-programa-iguals-xile\/#breadcrumb\"},\"inLanguage\":\"ca\",\"potentialAction\":[{\"@type\":\"ReadAction\",\"target\":[\"https:\/\/www.eurofirmsfoundation.org\/es\/ca\/noticias\/eurofirms-foundation-programa-iguals-xile\/\"]}]},{\"@type\":\"BreadcrumbList\",\"@id\":\"https:\/\/www.eurofirmsfoundation.org\/es\/ca\/noticias\/eurofirms-foundation-programa-iguals-xile\/#breadcrumb\",\"itemListElement\":[{\"@type\":\"ListItem\",\"position\":1,\"name\":\"Portada\",\"item\":\"https:\/\/www.eurofirmsfoundation.org\/es\/ca\/\"},{\"@type\":\"ListItem\",\"position\":2,\"name\":\"El Programa Iguals d&#8217;Eurofirms Foundation aterra a Xile\"}]},{\"@type\":\"WebSite\",\"@id\":\"https:\/\/www.eurofirmsfoundation.org\/es\/es\/#website\",\"url\":\"https:\/\/www.eurofirmsfoundation.org\/es\/es\/\",\"name\":\"Fundaci\u00f3n Eurofirms Espa\u00f1a\",\"description\":\"Otro sitio m\u00e1s de Fundaci\u00f3n Eurofirms \",\"potentialAction\":[{\"@type\":\"SearchAction\",\"target\":{\"@type\":\"EntryPoint\",\"urlTemplate\":\"https:\/\/www.eurofirmsfoundation.org\/es\/es\/?s={search_term_string}\"},\"query-input\":\"required name=search_term_string\"}],\"inLanguage\":\"ca\"},{\"@type\":\"Person\",\"@id\":\"https:\/\/www.eurofirmsfoundation.org\/es\/es\/#\/schema\/person\/e1bfe55e7b0b2edbb3196505122eec8a\",\"name\":\"ebunuel\",\"image\":{\"@type\":\"ImageObject\",\"inLanguage\":\"ca\",\"@id\":\"https:\/\/www.eurofirmsfoundation.org\/es\/es\/#\/schema\/person\/image\/\",\"url\":\"https:\/\/secure.gravatar.com\/avatar\/6fabc7fcb1a4bdd299485d790a4d1664c7d32ee1e846249fe31a7f6a2a53de5e?s=96&d=mm&r=g\",\"contentUrl\":\"https:\/\/secure.gravatar.com\/avatar\/6fabc7fcb1a4bdd299485d790a4d1664c7d32ee1e846249fe31a7f6a2a53de5e?s=96&d=mm&r=g\",\"caption\":\"ebunuel\"},\"sameAs\":[\"https:\/\/twitter.com\/marketing@eurofirms.com\"],\"url\":\"https:\/\/www.eurofirmsfoundation.org\/es\/ca\/noticias\/author\/ebunuel\/\"}]}<\/script>\n<!-- \/ Yoast SEO plugin. -->","yoast_head_json":{"title":"El Programa Iguals d'Eurofirms Foundation aterra a Xile - Fundaci\u00f3n Eurofirms Espa\u00f1a","description":"Eurofirms Foundation presenta a Xile el Programa Iguals, una iniciativa que impulsa l'aflorament de persones amb discapacitat.","robots":{"index":"index","follow":"follow","max-snippet":"max-snippet:-1","max-image-preview":"max-image-preview:large","max-video-preview":"max-video-preview:-1"},"canonical":"https:\/\/www.eurofirmsfoundation.org\/es\/ca\/noticias\/eurofirms-foundation-programa-iguals-xile\/","og_locale":"ca_ES","og_type":"article","og_title":"El Programa Iguals d'Eurofirms Foundation aterra a Xile - Fundaci\u00f3n Eurofirms Espa\u00f1a","og_description":"Eurofirms Foundation presenta a Xile el Programa Iguals, una iniciativa que impulsa l'aflorament de persones amb discapacitat.","og_url":"https:\/\/www.eurofirmsfoundation.org\/es\/ca\/noticias\/eurofirms-foundation-programa-iguals-xile\/","og_site_name":"Fundaci\u00f3n Eurofirms Espa\u00f1a","article_published_time":"2026-03-09T16:07:26+00:00","article_modified_time":"2026-03-10T08:24:50+00:00","og_image":[{"width":2560,"height":2542,"url":"https:\/\/www.eurofirmsfoundation.org\/es\/wp-content\/uploads\/sites\/2\/2026\/03\/Visita-Carme-Jorda-Eurofirms-Foundation-Chile-1-1-scaled.jpg","type":"image\/jpeg"}],"author":"ebunuel","twitter_card":"summary_large_image","twitter_creator":"@marketing@eurofirms.com","twitter_misc":{"Escrit per":"ebunuel","Temps estimat de lectura":"3 minuts"},"schema":{"@context":"https:\/\/schema.org","@graph":[{"@type":"WebPage","@id":"https:\/\/www.eurofirmsfoundation.org\/es\/ca\/noticias\/eurofirms-foundation-programa-iguals-xile\/","url":"https:\/\/www.eurofirmsfoundation.org\/es\/ca\/noticias\/eurofirms-foundation-programa-iguals-xile\/","name":"El Programa Iguals d'Eurofirms Foundation aterra a Xile - Fundaci\u00f3n Eurofirms Espa\u00f1a","isPartOf":{"@id":"https:\/\/www.eurofirmsfoundation.org\/es\/es\/#website"},"datePublished":"2026-03-09T16:07:26+00:00","dateModified":"2026-03-10T08:24:50+00:00","author":{"@id":"https:\/\/www.eurofirmsfoundation.org\/es\/es\/#\/schema\/person\/e1bfe55e7b0b2edbb3196505122eec8a"},"description":"Eurofirms Foundation presenta a Xile el Programa Iguals, una iniciativa que impulsa l'aflorament de persones amb discapacitat.","breadcrumb":{"@id":"https:\/\/www.eurofirmsfoundation.org\/es\/ca\/noticias\/eurofirms-foundation-programa-iguals-xile\/#breadcrumb"},"inLanguage":"ca","potentialAction":[{"@type":"ReadAction","target":["https:\/\/www.eurofirmsfoundation.org\/es\/ca\/noticias\/eurofirms-foundation-programa-iguals-xile\/"]}]},{"@type":"BreadcrumbList","@id":"https:\/\/www.eurofirmsfoundation.org\/es\/ca\/noticias\/eurofirms-foundation-programa-iguals-xile\/#breadcrumb","itemListElement":[{"@type":"ListItem","position":1,"name":"Portada","item":"https:\/\/www.eurofirmsfoundation.org\/es\/ca\/"},{"@type":"ListItem","position":2,"name":"El Programa Iguals d&#8217;Eurofirms Foundation aterra a Xile"}]},{"@type":"WebSite","@id":"https:\/\/www.eurofirmsfoundation.org\/es\/es\/#website","url":"https:\/\/www.eurofirmsfoundation.org\/es\/es\/","name":"Fundaci\u00f3n Eurofirms Espa\u00f1a","description":"Otro sitio m\u00e1s de Fundaci\u00f3n Eurofirms ","potentialAction":[{"@type":"SearchAction","target":{"@type":"EntryPoint","urlTemplate":"https:\/\/www.eurofirmsfoundation.org\/es\/es\/?s={search_term_string}"},"query-input":"required name=search_term_string"}],"inLanguage":"ca"},{"@type":"Person","@id":"https:\/\/www.eurofirmsfoundation.org\/es\/es\/#\/schema\/person\/e1bfe55e7b0b2edbb3196505122eec8a","name":"ebunuel","image":{"@type":"ImageObject","inLanguage":"ca","@id":"https:\/\/www.eurofirmsfoundation.org\/es\/es\/#\/schema\/person\/image\/","url":"https:\/\/secure.gravatar.com\/avatar\/6fabc7fcb1a4bdd299485d790a4d1664c7d32ee1e846249fe31a7f6a2a53de5e?s=96&d=mm&r=g","contentUrl":"https:\/\/secure.gravatar.com\/avatar\/6fabc7fcb1a4bdd299485d790a4d1664c7d32ee1e846249fe31a7f6a2a53de5e?s=96&d=mm&r=g","caption":"ebunuel"},"sameAs":["https:\/\/twitter.com\/marketing@eurofirms.com"],"url":"https:\/\/www.eurofirmsfoundation.org\/es\/ca\/noticias\/author\/ebunuel\/"}]}},"_links":{"self":[{"href":"https:\/\/www.eurofirmsfoundation.org\/es\/ca\/wp-json\/wp\/v2\/posts\/30202","targetHints":{"allow":["GET"]}}],"collection":[{"href":"https:\/\/www.eurofirmsfoundation.org\/es\/ca\/wp-json\/wp\/v2\/posts"}],"about":[{"href":"https:\/\/www.eurofirmsfoundation.org\/es\/ca\/wp-json\/wp\/v2\/types\/post"}],"author":[{"embeddable":true,"href":"https:\/\/www.eurofirmsfoundation.org\/es\/ca\/wp-json\/wp\/v2\/users\/6"}],"replies":[{"embeddable":true,"href":"https:\/\/www.eurofirmsfoundation.org\/es\/ca\/wp-json\/wp\/v2\/comments?post=30202"}],"version-history":[{"count":1,"href":"https:\/\/www.eurofirmsfoundation.org\/es\/ca\/wp-json\/wp\/v2\/posts\/30202\/revisions"}],"predecessor-version":[{"id":30203,"href":"https:\/\/www.eurofirmsfoundation.org\/es\/ca\/wp-json\/wp\/v2\/posts\/30202\/revisions\/30203"}],"wp:featuredmedia":[{"embeddable":true,"href":"https:\/\/www.eurofirmsfoundation.org\/es\/ca\/wp-json\/wp\/v2\/media\/30199"}],"wp:attachment":[{"href":"https:\/\/www.eurofirmsfoundation.org\/es\/ca\/wp-json\/wp\/v2\/media?parent=30202"}],"wp:term":[{"taxonomy":"category","embeddable":true,"href":"https:\/\/www.eurofirmsfoundation.org\/es\/ca\/wp-json\/wp\/v2\/categories?post=30202"},{"taxonomy":"post_tag","embeddable":true,"href":"https:\/\/www.eurofirmsfoundation.org\/es\/ca\/wp-json\/wp\/v2\/tags?post=30202"}],"curies":[{"name":"wp","href":"https:\/\/api.w.org\/{rel}","templated":true}]}}