{"id":29687,"date":"2025-12-29T15:49:00","date_gmt":"2025-12-29T15:49:00","guid":{"rendered":"https:\/\/www.eurofirmsfoundation.org\/es\/?p=29687"},"modified":"2026-01-07T16:12:48","modified_gmt":"2026-01-07T16:12:48","slug":"eurofirms-foundation-2025","status":"publish","type":"post","link":"https:\/\/www.eurofirmsfoundation.org\/es\/ca\/noticias\/eurofirms-foundation-2025\/","title":{"rendered":"Eurofirms Foundation tanca 2025 amb m\u00e9s de 1.700 incorporacions laborals, 66 programes i una campanya internacional que desafia els prejudicis"},"content":{"rendered":"\n<p>Eurofirms Foundation conclou 2025 consolidant el seu comprom\u00eds amb la inclusi\u00f3 labroral de les persones amb discapacitat. Al llarg de l&#8217;any, l&#8217;entitat ha facilitat la incorporaci\u00f3 de m\u00e9s de <strong>1.700 persones en el mercat laboral<\/strong>. Aquest esfor\u00e7 s&#8217;ha complementat la col\u00b7laboraci\u00f3 activa de companyies que han participat en <strong>264 projectes de voluntariat, formaci\u00f3 i sensibilitzaci\u00f3<\/strong>, orientats a promoure entorns laborals diversos i assegurances.<\/p>\n\n\n\n<p>A m\u00e9s, la Fundaci\u00f3 ha impulsat un total de <strong>66 programes<\/strong>, que han perm\u00e8s atendre m\u00e9s de 1.530 persones i formar-ne prop de 500 en compet\u00e8ncies clau per al seu desenvolupament professional. Aquestes dades reflecteixen l&#8217;impacte real de la formaci\u00f3 com a eina per a la inclusi\u00f3.<\/p>\n\n\n\n<p><strong>Esdeveniments compromesos amb la inclusi\u00f3<\/strong><\/p>\n\n\n\n<p>2025 tamb\u00e9 ha estat marcat per trobades que han generat converses i accions. Entre ells, destaca <strong>La Brav\u00edssima<\/strong>, la segona edici\u00f3 de la qual va reunir m\u00e9s de <strong>250 l\u00edders empresarials i figures reconegudes<\/strong> com Marc Gasol, Ona Carbonell i Llum Casal. Els fons recaptats d&#8217;aquesta acci\u00f3 es va destinar a la <strong>Tech Academy<\/strong>, un programa de formaci\u00f3 a persones amb discapacitat desenvolupament web i ciberseguretat que aconsegueix un <strong>\u00edndex d&#8217;inserci\u00f3 laboral del 75%.<\/strong><\/p>\n\n\n\n<p>Altres espais com <strong>&#8220;<em>Caf\u00e9s por la Inclusi\u00f3n<\/em>&#8220;<\/strong> han fomentat l&#8217;intercanvi de bones pr\u00e0ctiques entre empreses com Iberdrola i GLS Spain, impulsant estrat\u00e8gies efectivdes de diversitat, equitat i inclusi\u00f3. Aix\u00ed mateix, la jornada de <em><strong>&#8220;L\u00edderes por la Inclusi\u00f3n&#8221;<\/strong><\/em>, celebrada a Madrid amb el patrocini de Huawei, va obrir el debat sobre la salut mental a la feina, un repte urgent en el qual van participar persones directives i expertes de companyies com SEAT, De&#8217;Longhi, Generali i Acciona.<\/p>\n\n\n\n<p>A aquestes iniciatives se suma la quarta edici\u00f3 de <strong>&#8220;<em>Di\u00e1logos por la Inclusi\u00f3n&#8221;<\/em><\/strong>, patrocinada per Iberdrola. La trobada va posar el focus en els biaixos i prejudicis que encara persisteixen en l&#8217;acc\u00e9s a l&#8217;ocupaci\u00f3, destacant que el <strong>88% de les persones amb discapacitat prefereix no comunicar la seva condici\u00f3 per por de ser discriminades<\/strong> i que tenen gaireb\u00e9 un <strong>60% menys de probabilitats de ser cridades a una entrevista<\/strong>.<\/p>\n\n\n\n<p><strong>Campanya 3 de desembre, Dia Internacional de les Persones amb Discapacitat<\/strong><\/p>\n\n\n\n<p>Amb motiu del Dia Internacional de les Persones amb Discapacitat, Eurofirms Foundation ha presentat una nova edici\u00f3 de la seva Campanya <strong>3 de desembre<\/strong>, sota el lema <strong>#TalentIsEverywhere<\/strong>. La iniciativa convida a reflexionar sobre com entenem el talent i a posar el focus en els prejudicis que encara influeixen en els processos de selecci\u00f3 i en la vida laboral. El context continua sent desafiador: en posicions qualificades, les persones amb discapacitat ingressen <strong>4.000 euros menys a l&#8217;any <\/strong>que les persones sense discapacitat en la mateixa posici\u00f3 segons dades de l&#8217;INE.<\/p>\n\n\n\n<p>La campanya ha aconseguit una difusi\u00f3 internacional en m\u00e9s de 60 mitjans d&#8217;<strong>Espanya, Portugal i Xile<\/strong>, amb  pres\u00e8ncia a RTVE, 3CAT, Movistar+, La Vanguardia i <em>R\u00e1dio e Televis\u00e3o <\/em>de Portugal. Tamb\u00e9 amb visibilitat en transport p\u00fablic de ciutats com Barcelona, Lisboa i Santiago de Xile, i amb la participaci\u00f3 de <strong>m\u00e9s de 100 empreses<\/strong>, que han amplificat el missatge a trav\u00e9s dels seus canals interns i xarxes socials.<\/p>\n\n\n\n<p>Amb aquests resultats reafirma el seu prop\u00f2sit de continuar generant impacte en 2026, treballant de la m\u00e0 d&#8217;empreses, institucions i persones perqu\u00e8 la inclusi\u00f3 sigui una realitat en tots els \u00e0mbits.<\/p>\n","protected":false},"excerpt":{"rendered":"<p>Eurofirms Foundation conclou 2025 consolidant el seu comprom\u00eds amb la inclusi\u00f3 labroral de les persones amb discapacitat. Al llarg de l&#8217;any, l&#8217;entitat ha facilitat la incorporaci\u00f3 de m\u00e9s de 1.700 persones en el mercat laboral. Aquest esfor\u00e7 s&#8217;ha complementat la col\u00b7laboraci\u00f3 activa de companyies que han participat en 264 projectes de voluntariat, formaci\u00f3 i sensibilitzaci\u00f3, orientats a promoure entorns laborals diversos i assegurances. A m\u00e9s, la Fundaci\u00f3 ha impulsat un total de 66 programes, que han perm\u00e8s atendre m\u00e9s de 1.530 persones i formar-ne prop de 500 en compet\u00e8ncies clau per al seu desenvolupament professional. Aquestes dades reflecteixen l&#8217;impacte real de la formaci\u00f3 com a eina per a la inclusi\u00f3. Esdeveniments compromesos amb la inclusi\u00f3 2025 tamb\u00e9 ha estat marcat per trobades que han generat converses i accions. Entre ells, destaca La Brav\u00edssima, la segona edici\u00f3 de la qual va reunir m\u00e9s de 250 l\u00edders empresarials i figures reconegudes com&#8230;<\/p>\n","protected":false},"author":6,"featured_media":29635,"comment_status":"open","ping_status":"open","sticky":false,"template":"","format":"standard","meta":{"inline_featured_image":false,"footnotes":""},"categories":[2],"tags":[],"class_list":["post-29687","post","type-post","status-publish","format-standard","has-post-thumbnail","hentry","category-sin-categorizar-ca"],"yoast_head":"<!-- This site is optimized with the Yoast SEO plugin v20.1 - https:\/\/yoast.com\/wordpress\/plugins\/seo\/ -->\n<title>Eurofirms Foundation tanca 2025 amb m\u00e9s de 1.700 incorporacions laborals, 66 programes i una campanya internacional que desafia els prejudicis - Fundaci\u00f3n Eurofirms Espa\u00f1a<\/title>\n<meta name=\"description\" content=\"La Fundaci\u00f3 impulsa un altre any m\u00e9s feina, formaci\u00f3 i sensibilitzaci\u00f3 en col\u00b7laboraci\u00f3 amb m\u00e9s de 150 empreses, consolidant el seu paper com a agent de canvi en la inclusi\u00f3 laboral.\" \/>\n<meta name=\"robots\" content=\"index, follow, max-snippet:-1, max-image-preview:large, max-video-preview:-1\" \/>\n<link rel=\"canonical\" href=\"https:\/\/www.eurofirmsfoundation.org\/es\/ca\/noticias\/eurofirms-foundation-2025\/\" \/>\n<meta property=\"og:locale\" content=\"ca_ES\" \/>\n<meta property=\"og:type\" content=\"article\" \/>\n<meta property=\"og:title\" content=\"Eurofirms Foundation tanca 2025 amb m\u00e9s de 1.700 incorporacions laborals, 66 programes i una campanya internacional que desafia els prejudicis - Fundaci\u00f3n Eurofirms Espa\u00f1a\" \/>\n<meta property=\"og:description\" content=\"La Fundaci\u00f3 impulsa un altre any m\u00e9s feina, formaci\u00f3 i sensibilitzaci\u00f3 en col\u00b7laboraci\u00f3 amb m\u00e9s de 150 empreses, consolidant el seu paper com a agent de canvi en la inclusi\u00f3 laboral.\" \/>\n<meta property=\"og:url\" content=\"https:\/\/www.eurofirmsfoundation.org\/es\/ca\/noticias\/eurofirms-foundation-2025\/\" \/>\n<meta property=\"og:site_name\" content=\"Fundaci\u00f3n Eurofirms Espa\u00f1a\" \/>\n<meta property=\"article:published_time\" content=\"2025-12-29T15:49:00+00:00\" \/>\n<meta property=\"article:modified_time\" content=\"2026-01-07T16:12:48+00:00\" \/>\n<meta property=\"og:image\" content=\"https:\/\/www.eurofirmsfoundation.org\/es\/wp-content\/uploads\/sites\/2\/2025\/12\/DSC09084-scaled.jpg\" \/>\n\t<meta property=\"og:image:width\" content=\"2560\" \/>\n\t<meta property=\"og:image:height\" content=\"1707\" \/>\n\t<meta property=\"og:image:type\" content=\"image\/jpeg\" \/>\n<meta name=\"author\" content=\"ebunuel\" \/>\n<meta name=\"twitter:card\" content=\"summary_large_image\" \/>\n<meta name=\"twitter:creator\" content=\"@marketing@eurofirms.com\" \/>\n<meta name=\"twitter:label1\" content=\"Escrit per\" \/>\n\t<meta name=\"twitter:data1\" content=\"ebunuel\" \/>\n\t<meta name=\"twitter:label2\" content=\"Temps estimat de lectura\" \/>\n\t<meta name=\"twitter:data2\" content=\"3 minuts\" \/>\n<script type=\"application\/ld+json\" class=\"yoast-schema-graph\">{\"@context\":\"https:\/\/schema.org\",\"@graph\":[{\"@type\":\"WebPage\",\"@id\":\"https:\/\/www.eurofirmsfoundation.org\/es\/ca\/noticias\/eurofirms-foundation-2025\/\",\"url\":\"https:\/\/www.eurofirmsfoundation.org\/es\/ca\/noticias\/eurofirms-foundation-2025\/\",\"name\":\"Eurofirms Foundation tanca 2025 amb m\u00e9s de 1.700 incorporacions laborals, 66 programes i una campanya internacional que desafia els prejudicis - Fundaci\u00f3n Eurofirms Espa\u00f1a\",\"isPartOf\":{\"@id\":\"https:\/\/www.eurofirmsfoundation.org\/es\/es\/#website\"},\"datePublished\":\"2025-12-29T15:49:00+00:00\",\"dateModified\":\"2026-01-07T16:12:48+00:00\",\"author\":{\"@id\":\"https:\/\/www.eurofirmsfoundation.org\/es\/es\/#\/schema\/person\/e1bfe55e7b0b2edbb3196505122eec8a\"},\"description\":\"La Fundaci\u00f3 impulsa un altre any m\u00e9s feina, formaci\u00f3 i sensibilitzaci\u00f3 en col\u00b7laboraci\u00f3 amb m\u00e9s de 150 empreses, consolidant el seu paper com a agent de canvi en la inclusi\u00f3 laboral.\",\"breadcrumb\":{\"@id\":\"https:\/\/www.eurofirmsfoundation.org\/es\/ca\/noticias\/eurofirms-foundation-2025\/#breadcrumb\"},\"inLanguage\":\"ca\",\"potentialAction\":[{\"@type\":\"ReadAction\",\"target\":[\"https:\/\/www.eurofirmsfoundation.org\/es\/ca\/noticias\/eurofirms-foundation-2025\/\"]}]},{\"@type\":\"BreadcrumbList\",\"@id\":\"https:\/\/www.eurofirmsfoundation.org\/es\/ca\/noticias\/eurofirms-foundation-2025\/#breadcrumb\",\"itemListElement\":[{\"@type\":\"ListItem\",\"position\":1,\"name\":\"Portada\",\"item\":\"https:\/\/www.eurofirmsfoundation.org\/es\/ca\/\"},{\"@type\":\"ListItem\",\"position\":2,\"name\":\"Eurofirms Foundation tanca 2025 amb m\u00e9s de 1.700 incorporacions laborals, 66 programes i una campanya internacional que desafia els prejudicis\"}]},{\"@type\":\"WebSite\",\"@id\":\"https:\/\/www.eurofirmsfoundation.org\/es\/es\/#website\",\"url\":\"https:\/\/www.eurofirmsfoundation.org\/es\/es\/\",\"name\":\"Fundaci\u00f3n Eurofirms Espa\u00f1a\",\"description\":\"Otro sitio m\u00e1s de Fundaci\u00f3n Eurofirms \",\"potentialAction\":[{\"@type\":\"SearchAction\",\"target\":{\"@type\":\"EntryPoint\",\"urlTemplate\":\"https:\/\/www.eurofirmsfoundation.org\/es\/es\/?s={search_term_string}\"},\"query-input\":\"required name=search_term_string\"}],\"inLanguage\":\"ca\"},{\"@type\":\"Person\",\"@id\":\"https:\/\/www.eurofirmsfoundation.org\/es\/es\/#\/schema\/person\/e1bfe55e7b0b2edbb3196505122eec8a\",\"name\":\"ebunuel\",\"image\":{\"@type\":\"ImageObject\",\"inLanguage\":\"ca\",\"@id\":\"https:\/\/www.eurofirmsfoundation.org\/es\/es\/#\/schema\/person\/image\/\",\"url\":\"https:\/\/secure.gravatar.com\/avatar\/6fabc7fcb1a4bdd299485d790a4d1664c7d32ee1e846249fe31a7f6a2a53de5e?s=96&d=mm&r=g\",\"contentUrl\":\"https:\/\/secure.gravatar.com\/avatar\/6fabc7fcb1a4bdd299485d790a4d1664c7d32ee1e846249fe31a7f6a2a53de5e?s=96&d=mm&r=g\",\"caption\":\"ebunuel\"},\"sameAs\":[\"https:\/\/twitter.com\/marketing@eurofirms.com\"],\"url\":\"https:\/\/www.eurofirmsfoundation.org\/es\/ca\/noticias\/author\/ebunuel\/\"}]}<\/script>\n<!-- \/ Yoast SEO plugin. -->","yoast_head_json":{"title":"Eurofirms Foundation tanca 2025 amb m\u00e9s de 1.700 incorporacions laborals, 66 programes i una campanya internacional que desafia els prejudicis - Fundaci\u00f3n Eurofirms Espa\u00f1a","description":"La Fundaci\u00f3 impulsa un altre any m\u00e9s feina, formaci\u00f3 i sensibilitzaci\u00f3 en col\u00b7laboraci\u00f3 amb m\u00e9s de 150 empreses, consolidant el seu paper com a agent de canvi en la inclusi\u00f3 laboral.","robots":{"index":"index","follow":"follow","max-snippet":"max-snippet:-1","max-image-preview":"max-image-preview:large","max-video-preview":"max-video-preview:-1"},"canonical":"https:\/\/www.eurofirmsfoundation.org\/es\/ca\/noticias\/eurofirms-foundation-2025\/","og_locale":"ca_ES","og_type":"article","og_title":"Eurofirms Foundation tanca 2025 amb m\u00e9s de 1.700 incorporacions laborals, 66 programes i una campanya internacional que desafia els prejudicis - Fundaci\u00f3n Eurofirms Espa\u00f1a","og_description":"La Fundaci\u00f3 impulsa un altre any m\u00e9s feina, formaci\u00f3 i sensibilitzaci\u00f3 en col\u00b7laboraci\u00f3 amb m\u00e9s de 150 empreses, consolidant el seu paper com a agent de canvi en la inclusi\u00f3 laboral.","og_url":"https:\/\/www.eurofirmsfoundation.org\/es\/ca\/noticias\/eurofirms-foundation-2025\/","og_site_name":"Fundaci\u00f3n Eurofirms Espa\u00f1a","article_published_time":"2025-12-29T15:49:00+00:00","article_modified_time":"2026-01-07T16:12:48+00:00","og_image":[{"width":2560,"height":1707,"url":"https:\/\/www.eurofirmsfoundation.org\/es\/wp-content\/uploads\/sites\/2\/2025\/12\/DSC09084-scaled.jpg","type":"image\/jpeg"}],"author":"ebunuel","twitter_card":"summary_large_image","twitter_creator":"@marketing@eurofirms.com","twitter_misc":{"Escrit per":"ebunuel","Temps estimat de lectura":"3 minuts"},"schema":{"@context":"https:\/\/schema.org","@graph":[{"@type":"WebPage","@id":"https:\/\/www.eurofirmsfoundation.org\/es\/ca\/noticias\/eurofirms-foundation-2025\/","url":"https:\/\/www.eurofirmsfoundation.org\/es\/ca\/noticias\/eurofirms-foundation-2025\/","name":"Eurofirms Foundation tanca 2025 amb m\u00e9s de 1.700 incorporacions laborals, 66 programes i una campanya internacional que desafia els prejudicis - Fundaci\u00f3n Eurofirms Espa\u00f1a","isPartOf":{"@id":"https:\/\/www.eurofirmsfoundation.org\/es\/es\/#website"},"datePublished":"2025-12-29T15:49:00+00:00","dateModified":"2026-01-07T16:12:48+00:00","author":{"@id":"https:\/\/www.eurofirmsfoundation.org\/es\/es\/#\/schema\/person\/e1bfe55e7b0b2edbb3196505122eec8a"},"description":"La Fundaci\u00f3 impulsa un altre any m\u00e9s feina, formaci\u00f3 i sensibilitzaci\u00f3 en col\u00b7laboraci\u00f3 amb m\u00e9s de 150 empreses, consolidant el seu paper com a agent de canvi en la inclusi\u00f3 laboral.","breadcrumb":{"@id":"https:\/\/www.eurofirmsfoundation.org\/es\/ca\/noticias\/eurofirms-foundation-2025\/#breadcrumb"},"inLanguage":"ca","potentialAction":[{"@type":"ReadAction","target":["https:\/\/www.eurofirmsfoundation.org\/es\/ca\/noticias\/eurofirms-foundation-2025\/"]}]},{"@type":"BreadcrumbList","@id":"https:\/\/www.eurofirmsfoundation.org\/es\/ca\/noticias\/eurofirms-foundation-2025\/#breadcrumb","itemListElement":[{"@type":"ListItem","position":1,"name":"Portada","item":"https:\/\/www.eurofirmsfoundation.org\/es\/ca\/"},{"@type":"ListItem","position":2,"name":"Eurofirms Foundation tanca 2025 amb m\u00e9s de 1.700 incorporacions laborals, 66 programes i una campanya internacional que desafia els prejudicis"}]},{"@type":"WebSite","@id":"https:\/\/www.eurofirmsfoundation.org\/es\/es\/#website","url":"https:\/\/www.eurofirmsfoundation.org\/es\/es\/","name":"Fundaci\u00f3n Eurofirms Espa\u00f1a","description":"Otro sitio m\u00e1s de Fundaci\u00f3n Eurofirms ","potentialAction":[{"@type":"SearchAction","target":{"@type":"EntryPoint","urlTemplate":"https:\/\/www.eurofirmsfoundation.org\/es\/es\/?s={search_term_string}"},"query-input":"required name=search_term_string"}],"inLanguage":"ca"},{"@type":"Person","@id":"https:\/\/www.eurofirmsfoundation.org\/es\/es\/#\/schema\/person\/e1bfe55e7b0b2edbb3196505122eec8a","name":"ebunuel","image":{"@type":"ImageObject","inLanguage":"ca","@id":"https:\/\/www.eurofirmsfoundation.org\/es\/es\/#\/schema\/person\/image\/","url":"https:\/\/secure.gravatar.com\/avatar\/6fabc7fcb1a4bdd299485d790a4d1664c7d32ee1e846249fe31a7f6a2a53de5e?s=96&d=mm&r=g","contentUrl":"https:\/\/secure.gravatar.com\/avatar\/6fabc7fcb1a4bdd299485d790a4d1664c7d32ee1e846249fe31a7f6a2a53de5e?s=96&d=mm&r=g","caption":"ebunuel"},"sameAs":["https:\/\/twitter.com\/marketing@eurofirms.com"],"url":"https:\/\/www.eurofirmsfoundation.org\/es\/ca\/noticias\/author\/ebunuel\/"}]}},"_links":{"self":[{"href":"https:\/\/www.eurofirmsfoundation.org\/es\/ca\/wp-json\/wp\/v2\/posts\/29687","targetHints":{"allow":["GET"]}}],"collection":[{"href":"https:\/\/www.eurofirmsfoundation.org\/es\/ca\/wp-json\/wp\/v2\/posts"}],"about":[{"href":"https:\/\/www.eurofirmsfoundation.org\/es\/ca\/wp-json\/wp\/v2\/types\/post"}],"author":[{"embeddable":true,"href":"https:\/\/www.eurofirmsfoundation.org\/es\/ca\/wp-json\/wp\/v2\/users\/6"}],"replies":[{"embeddable":true,"href":"https:\/\/www.eurofirmsfoundation.org\/es\/ca\/wp-json\/wp\/v2\/comments?post=29687"}],"version-history":[{"count":1,"href":"https:\/\/www.eurofirmsfoundation.org\/es\/ca\/wp-json\/wp\/v2\/posts\/29687\/revisions"}],"predecessor-version":[{"id":29688,"href":"https:\/\/www.eurofirmsfoundation.org\/es\/ca\/wp-json\/wp\/v2\/posts\/29687\/revisions\/29688"}],"wp:featuredmedia":[{"embeddable":true,"href":"https:\/\/www.eurofirmsfoundation.org\/es\/ca\/wp-json\/wp\/v2\/media\/29635"}],"wp:attachment":[{"href":"https:\/\/www.eurofirmsfoundation.org\/es\/ca\/wp-json\/wp\/v2\/media?parent=29687"}],"wp:term":[{"taxonomy":"category","embeddable":true,"href":"https:\/\/www.eurofirmsfoundation.org\/es\/ca\/wp-json\/wp\/v2\/categories?post=29687"},{"taxonomy":"post_tag","embeddable":true,"href":"https:\/\/www.eurofirmsfoundation.org\/es\/ca\/wp-json\/wp\/v2\/tags?post=29687"}],"curies":[{"name":"wp","href":"https:\/\/api.w.org\/{rel}","templated":true}]}}