{"id":19378,"date":"2024-03-21T12:14:42","date_gmt":"2024-03-21T12:14:42","guid":{"rendered":"https:\/\/www.eurofirmsfoundation.org\/es\/?p=19378"},"modified":"2024-03-21T12:23:52","modified_gmt":"2024-03-21T12:23:52","slug":"huawei-aposta-per-la-inclusio-de-la-ma-deurofirms-foundation","status":"publish","type":"post","link":"https:\/\/www.eurofirmsfoundation.org\/es\/ca\/noticias\/huawei-aposta-per-la-inclusio-de-la-ma-deurofirms-foundation\/","title":{"rendered":"Huawei aposta per la inclusi\u00f3 de la m\u00e0 d&#8217;Eurofirms Foundation"},"content":{"rendered":"\n<p>Madrid, 13 de mar\u00e7 de 2024.- <strong>M\u00e9s de 1,5 milions de persones amb discapacitat estan en edat de treballar<\/strong>[1] i es troben en el proc\u00e9s de cerca d&#8217;ocupaci\u00f3 amb barreres que limiten la seva inclusi\u00f3 laboral. En aquest context, <strong>Huawei, prove\u00efdor de solucions TIC, se suma a\u00a0Eurofirms\u00a0Foundation, associaci\u00f3 compromesa amb la integraci\u00f3 laboral de persones amb discapacitat,<\/strong> per a generar entorns inclusius que facilitin la incorporaci\u00f3 i creixement laboral de persones amb discapacitat. Totes dues entitats s&#8217;han unit amb la convicci\u00f3 que la tecnologia pot tenir un paper crucial en la construcci\u00f3 d&#8217;un m\u00f3n m\u00e9s inclusiu.<\/p>\n\n\n\n<p>En l&#8217;actualitat, aquesta situaci\u00f3 suposa tot un repte, per aix\u00f2\u00a0Eurofirms\u00a0Foundation\u00a0treballa com a agent de canvi a trav\u00e9s d&#8217;empreses com Huawei, amb la finalitat que les persones amb discapacitat puguin accedir i participar en l&#8217;entorn laboral en igualtat de condicions i oportunitats. Les empreses tenen un rol clau per a trencar amb tals limitacions promovent marcs inclusius que facilitin el desenvolupament professional d&#8217;aquest col\u00b7lectiu, com tamb\u00e9 dotant-los dels coneixements digitals necessaris.<\/p>\n\n\n\n<p>\u201c<em>Des d&#8217;Eurofirms\u00a0Foundation\u00a0creiem fermament en el potencial transformador de la tecnologia. Poder anar de bracet amb Huawei \u00e9s una gran oportunitat per a arribar a entorns m\u00e9s inclusius.\u201d <\/em>afirma Ainhoa\u00a0Gonzalez, Regional\u00a0Leader\u00a0de\u00a0Eurofirms\u00a0Foundation.<\/p>\n\n\n\n<p>Aix\u00ed mateix, Tony\u00a0Yang, director de Recursos Humans d&#8217;Huawei, afegeix que <em>\u201cmillorar les compet\u00e8ncies digitals i ajudar a tancar la bretxa digital entre col\u00b7lectius vulnerables s\u00f3n dos dels pilars fonamentals de la nostra estrat\u00e8gia d&#8217;inclusi\u00f3 digital. Estem molt contents de poder participar, de la m\u00e0 de\u00a0Eurofirms\u00a0Foundation, en projectes que protegeixin els m\u00e9s desfavorits i ajudar-los a accedir i a utilitzar les TIC en igualtat de condicions. Volem que la inclusi\u00f3 digital sigui per a tots.\u201d<\/em><\/p>\n\n\n\n<p>La col\u00b7laboraci\u00f3, que comen\u00e7a aquest mes de mar\u00e7, se centrar\u00e0 en el desenvolupament de diferents activitats de sensibilitzaci\u00f3 i formaci\u00f3 per a generar entorns accessibles, aix\u00ed com derrocar barreres i promoure la igualtat d&#8217;oportunitats.<\/p>\n\n\n\n<p><strong><em>Eurofirms\u00a0Foundation\u00a0TechAcademy: formaci\u00f3 i tecnologia<\/em><\/strong><\/p>\n\n\n\n<p>En el marc tecnol\u00f2gic i formatiu, Huawei aposta per la\u00a0Eurofirms\u00a0Foundation\u00a0Tech\u00a0Academy, plataforma des de la qual\u00a0Eurofirms\u00a0Foundation\u00a0ofereix beques dissenyades per a persones amb discapacitat dins de l&#8217;entorn tecnol\u00f2gic. Totes dues entitats se sumen per a instruir a estudiants en programaci\u00f3\u00a0full-*stack\u00a0i compet\u00e8ncies digitals dins d&#8217;un programa completament en l\u00ednia de tres mesos de durada.<\/p>\n\n\n\n<p><strong><em>Repte 8 M: lluita contra la doble bretxa<\/em><\/strong><\/p>\n\n\n\n<p>Una de les primeres accions de col\u00b7laboraci\u00f3 d&#8217;Huawei al costat de&nbsp;Eurofirms&nbsp;Foundation&nbsp;se centra en la lluita contra doble bretxa. El programa de Beques Repte 8M de Fundaci\u00f3&nbsp;Eurofirms&nbsp;t\u00e9 com a objectiu la inclusi\u00f3 laboral de dones amb discapacitat a trav\u00e9s d&#8217;un itinerari d&#8217;acompanyament amb accions d&#8217;orientaci\u00f3 laboral, formatives, d&#8217;apoderament i d&#8217;intermediaci\u00f3 laboral. Huawei se suma a tal desafiament apostant per un model centrat en la persona, a trav\u00e9s del qual, 27 candidates reben durant un any acompanyament i formaci\u00f3 en compet\u00e8ncies digitals amb el prop\u00f2sit de millorar la seva ocupabilitat.<\/p>\n\n\n\n<p>Durant l&#8217;any 2023,\u00a0Eurofirms\u00a0Foundation\u00a0va becar a 195 dones.<\/p>\n\n\n\n<p><strong><em>Mural inclusiu: jornada d&#8217;art i inclusi\u00f3<\/em><\/strong><\/p>\n\n\n\n<p>Dins de les activitats destinades a la sensibilitzaci\u00f3, Huawei apostar\u00e0 per una jornada d&#8217;art i inclusi\u00f3 amb persones amb discapacitat al costat de les quals elaborar\u00e0 una obra coral amb el qual escenificar el seu comprom\u00eds amb la inclusi\u00f3 tecnol\u00f2gica. A trav\u00e9s d&#8217;aquesta activitat, es<\/p>\n\n\n\n<p>transformaran prejudicis i estereotips que giren entorn de tals perfils permetent valorar les capacitats de les persones per sobre de qualsevol limitaci\u00f3.<\/p>\n\n\n\n<p>[1] Dades INE 2020<\/p>\n","protected":false},"excerpt":{"rendered":"<p>Madrid, 13 de mar\u00e7 de 2024.- M\u00e9s de 1,5 milions de persones amb discapacitat estan en edat de treballar[1] i es troben en el proc\u00e9s de cerca d&#8217;ocupaci\u00f3 amb barreres que limiten la seva inclusi\u00f3 laboral. En aquest context, Huawei, prove\u00efdor de solucions TIC, se suma a\u00a0Eurofirms\u00a0Foundation, associaci\u00f3 compromesa amb la integraci\u00f3 laboral de persones amb discapacitat, per a generar entorns inclusius que facilitin la incorporaci\u00f3 i creixement laboral de persones amb discapacitat. Totes dues entitats s&#8217;han unit amb la convicci\u00f3 que la tecnologia pot tenir un paper crucial en la construcci\u00f3 d&#8217;un m\u00f3n m\u00e9s inclusiu. En l&#8217;actualitat, aquesta situaci\u00f3 suposa tot un repte, per aix\u00f2\u00a0Eurofirms\u00a0Foundation\u00a0treballa com a agent de canvi a trav\u00e9s d&#8217;empreses com Huawei, amb la finalitat que les persones amb discapacitat puguin accedir i participar en l&#8217;entorn laboral en igualtat de condicions i oportunitats. Les empreses tenen un rol clau per a trencar amb tals limitacions promovent&#8230;<\/p>\n","protected":false},"author":4,"featured_media":19376,"comment_status":"open","ping_status":"open","sticky":false,"template":"","format":"standard","meta":{"inline_featured_image":false,"footnotes":""},"categories":[2],"tags":[39,38],"class_list":["post-19378","post","type-post","status-publish","format-standard","has-post-thumbnail","hentry","category-sin-categorizar-ca","tag-formacion-ca","tag-sensibilizacion-ca"],"yoast_head":"<!-- This site is optimized with the Yoast SEO plugin v20.1 - https:\/\/yoast.com\/wordpress\/plugins\/seo\/ -->\n<title>Huawei aposta per la inclusi\u00f3 de la m\u00e0 d&#039;Eurofirms Foundation - Fundaci\u00f3n Eurofirms Espa\u00f1a<\/title>\n<meta name=\"description\" content=\"Huawei se suma a Eurofirms Foundation per al desenvolupament i formaci\u00f3 en compet\u00e8ncies digitals per a persones amb discapacitat.\" \/>\n<meta name=\"robots\" content=\"index, follow, max-snippet:-1, max-image-preview:large, max-video-preview:-1\" \/>\n<link rel=\"canonical\" href=\"https:\/\/www.eurofirmsfoundation.org\/es\/ca\/noticias\/huawei-aposta-per-la-inclusio-de-la-ma-deurofirms-foundation\/\" \/>\n<meta property=\"og:locale\" content=\"ca_ES\" \/>\n<meta property=\"og:type\" content=\"article\" \/>\n<meta property=\"og:title\" content=\"Huawei aposta per la inclusi\u00f3 de la m\u00e0 d&#039;Eurofirms Foundation - Fundaci\u00f3n Eurofirms Espa\u00f1a\" \/>\n<meta property=\"og:description\" content=\"Huawei se suma a Eurofirms Foundation per al desenvolupament i formaci\u00f3 en compet\u00e8ncies digitals per a persones amb discapacitat.\" \/>\n<meta property=\"og:url\" content=\"https:\/\/www.eurofirmsfoundation.org\/es\/ca\/noticias\/huawei-aposta-per-la-inclusio-de-la-ma-deurofirms-foundation\/\" \/>\n<meta property=\"og:site_name\" content=\"Fundaci\u00f3n Eurofirms Espa\u00f1a\" \/>\n<meta property=\"article:published_time\" content=\"2024-03-21T12:14:42+00:00\" \/>\n<meta property=\"article:modified_time\" content=\"2024-03-21T12:23:52+00:00\" \/>\n<meta property=\"og:image\" content=\"https:\/\/www.eurofirmsfoundation.org\/es\/wp-content\/uploads\/sites\/2\/2024\/03\/WhatsApp-Image-2024-03-12-at-15.45.52-scaled-e1711023816840.jpeg\" \/>\n\t<meta property=\"og:image:width\" content=\"2560\" \/>\n\t<meta property=\"og:image:height\" content=\"1181\" \/>\n\t<meta property=\"og:image:type\" content=\"image\/jpeg\" \/>\n<meta name=\"author\" content=\"fundacio\" \/>\n<meta name=\"twitter:card\" content=\"summary_large_image\" \/>\n<meta name=\"twitter:label1\" content=\"Escrit per\" \/>\n\t<meta name=\"twitter:data1\" content=\"fundacio\" \/>\n\t<meta name=\"twitter:label2\" content=\"Temps estimat de lectura\" \/>\n\t<meta name=\"twitter:data2\" content=\"3 minuts\" \/>\n<script type=\"application\/ld+json\" class=\"yoast-schema-graph\">{\"@context\":\"https:\/\/schema.org\",\"@graph\":[{\"@type\":\"WebPage\",\"@id\":\"https:\/\/www.eurofirmsfoundation.org\/es\/ca\/noticias\/huawei-aposta-per-la-inclusio-de-la-ma-deurofirms-foundation\/\",\"url\":\"https:\/\/www.eurofirmsfoundation.org\/es\/ca\/noticias\/huawei-aposta-per-la-inclusio-de-la-ma-deurofirms-foundation\/\",\"name\":\"Huawei aposta per la inclusi\u00f3 de la m\u00e0 d'Eurofirms Foundation - Fundaci\u00f3n Eurofirms Espa\u00f1a\",\"isPartOf\":{\"@id\":\"https:\/\/www.eurofirmsfoundation.org\/es\/es\/#website\"},\"datePublished\":\"2024-03-21T12:14:42+00:00\",\"dateModified\":\"2024-03-21T12:23:52+00:00\",\"author\":{\"@id\":\"https:\/\/www.eurofirmsfoundation.org\/es\/es\/#\/schema\/person\/2c81dca7a893106910ec9d90923668c8\"},\"description\":\"Huawei se suma a Eurofirms Foundation per al desenvolupament i formaci\u00f3 en compet\u00e8ncies digitals per a persones amb discapacitat.\",\"breadcrumb\":{\"@id\":\"https:\/\/www.eurofirmsfoundation.org\/es\/ca\/noticias\/huawei-aposta-per-la-inclusio-de-la-ma-deurofirms-foundation\/#breadcrumb\"},\"inLanguage\":\"ca\",\"potentialAction\":[{\"@type\":\"ReadAction\",\"target\":[\"https:\/\/www.eurofirmsfoundation.org\/es\/ca\/noticias\/huawei-aposta-per-la-inclusio-de-la-ma-deurofirms-foundation\/\"]}]},{\"@type\":\"BreadcrumbList\",\"@id\":\"https:\/\/www.eurofirmsfoundation.org\/es\/ca\/noticias\/huawei-aposta-per-la-inclusio-de-la-ma-deurofirms-foundation\/#breadcrumb\",\"itemListElement\":[{\"@type\":\"ListItem\",\"position\":1,\"name\":\"Portada\",\"item\":\"https:\/\/www.eurofirmsfoundation.org\/es\/ca\/\"},{\"@type\":\"ListItem\",\"position\":2,\"name\":\"Huawei aposta per la inclusi\u00f3 de la m\u00e0 d&#8217;Eurofirms Foundation\"}]},{\"@type\":\"WebSite\",\"@id\":\"https:\/\/www.eurofirmsfoundation.org\/es\/es\/#website\",\"url\":\"https:\/\/www.eurofirmsfoundation.org\/es\/es\/\",\"name\":\"Fundaci\u00f3n Eurofirms Espa\u00f1a\",\"description\":\"Otro sitio m\u00e1s de Fundaci\u00f3n Eurofirms \",\"potentialAction\":[{\"@type\":\"SearchAction\",\"target\":{\"@type\":\"EntryPoint\",\"urlTemplate\":\"https:\/\/www.eurofirmsfoundation.org\/es\/es\/?s={search_term_string}\"},\"query-input\":\"required name=search_term_string\"}],\"inLanguage\":\"ca\"},{\"@type\":\"Person\",\"@id\":\"https:\/\/www.eurofirmsfoundation.org\/es\/es\/#\/schema\/person\/2c81dca7a893106910ec9d90923668c8\",\"name\":\"fundacio\",\"image\":{\"@type\":\"ImageObject\",\"inLanguage\":\"ca\",\"@id\":\"https:\/\/www.eurofirmsfoundation.org\/es\/es\/#\/schema\/person\/image\/\",\"url\":\"https:\/\/secure.gravatar.com\/avatar\/494c0763720587c01d08b9d2a7c93101a227f76c9396143c8d56d945460b379e?s=96&d=mm&r=g\",\"contentUrl\":\"https:\/\/secure.gravatar.com\/avatar\/494c0763720587c01d08b9d2a7c93101a227f76c9396143c8d56d945460b379e?s=96&d=mm&r=g\",\"caption\":\"fundacio\"},\"url\":\"https:\/\/www.eurofirmsfoundation.org\/es\/ca\/noticias\/author\/fundacio\/\"}]}<\/script>\n<!-- \/ Yoast SEO plugin. -->","yoast_head_json":{"title":"Huawei aposta per la inclusi\u00f3 de la m\u00e0 d'Eurofirms Foundation - Fundaci\u00f3n Eurofirms Espa\u00f1a","description":"Huawei se suma a Eurofirms Foundation per al desenvolupament i formaci\u00f3 en compet\u00e8ncies digitals per a persones amb discapacitat.","robots":{"index":"index","follow":"follow","max-snippet":"max-snippet:-1","max-image-preview":"max-image-preview:large","max-video-preview":"max-video-preview:-1"},"canonical":"https:\/\/www.eurofirmsfoundation.org\/es\/ca\/noticias\/huawei-aposta-per-la-inclusio-de-la-ma-deurofirms-foundation\/","og_locale":"ca_ES","og_type":"article","og_title":"Huawei aposta per la inclusi\u00f3 de la m\u00e0 d'Eurofirms Foundation - Fundaci\u00f3n Eurofirms Espa\u00f1a","og_description":"Huawei se suma a Eurofirms Foundation per al desenvolupament i formaci\u00f3 en compet\u00e8ncies digitals per a persones amb discapacitat.","og_url":"https:\/\/www.eurofirmsfoundation.org\/es\/ca\/noticias\/huawei-aposta-per-la-inclusio-de-la-ma-deurofirms-foundation\/","og_site_name":"Fundaci\u00f3n Eurofirms Espa\u00f1a","article_published_time":"2024-03-21T12:14:42+00:00","article_modified_time":"2024-03-21T12:23:52+00:00","og_image":[{"width":2560,"height":1181,"url":"https:\/\/www.eurofirmsfoundation.org\/es\/wp-content\/uploads\/sites\/2\/2024\/03\/WhatsApp-Image-2024-03-12-at-15.45.52-scaled-e1711023816840.jpeg","type":"image\/jpeg"}],"author":"fundacio","twitter_card":"summary_large_image","twitter_misc":{"Escrit per":"fundacio","Temps estimat de lectura":"3 minuts"},"schema":{"@context":"https:\/\/schema.org","@graph":[{"@type":"WebPage","@id":"https:\/\/www.eurofirmsfoundation.org\/es\/ca\/noticias\/huawei-aposta-per-la-inclusio-de-la-ma-deurofirms-foundation\/","url":"https:\/\/www.eurofirmsfoundation.org\/es\/ca\/noticias\/huawei-aposta-per-la-inclusio-de-la-ma-deurofirms-foundation\/","name":"Huawei aposta per la inclusi\u00f3 de la m\u00e0 d'Eurofirms Foundation - Fundaci\u00f3n Eurofirms Espa\u00f1a","isPartOf":{"@id":"https:\/\/www.eurofirmsfoundation.org\/es\/es\/#website"},"datePublished":"2024-03-21T12:14:42+00:00","dateModified":"2024-03-21T12:23:52+00:00","author":{"@id":"https:\/\/www.eurofirmsfoundation.org\/es\/es\/#\/schema\/person\/2c81dca7a893106910ec9d90923668c8"},"description":"Huawei se suma a Eurofirms Foundation per al desenvolupament i formaci\u00f3 en compet\u00e8ncies digitals per a persones amb discapacitat.","breadcrumb":{"@id":"https:\/\/www.eurofirmsfoundation.org\/es\/ca\/noticias\/huawei-aposta-per-la-inclusio-de-la-ma-deurofirms-foundation\/#breadcrumb"},"inLanguage":"ca","potentialAction":[{"@type":"ReadAction","target":["https:\/\/www.eurofirmsfoundation.org\/es\/ca\/noticias\/huawei-aposta-per-la-inclusio-de-la-ma-deurofirms-foundation\/"]}]},{"@type":"BreadcrumbList","@id":"https:\/\/www.eurofirmsfoundation.org\/es\/ca\/noticias\/huawei-aposta-per-la-inclusio-de-la-ma-deurofirms-foundation\/#breadcrumb","itemListElement":[{"@type":"ListItem","position":1,"name":"Portada","item":"https:\/\/www.eurofirmsfoundation.org\/es\/ca\/"},{"@type":"ListItem","position":2,"name":"Huawei aposta per la inclusi\u00f3 de la m\u00e0 d&#8217;Eurofirms Foundation"}]},{"@type":"WebSite","@id":"https:\/\/www.eurofirmsfoundation.org\/es\/es\/#website","url":"https:\/\/www.eurofirmsfoundation.org\/es\/es\/","name":"Fundaci\u00f3n Eurofirms Espa\u00f1a","description":"Otro sitio m\u00e1s de Fundaci\u00f3n Eurofirms ","potentialAction":[{"@type":"SearchAction","target":{"@type":"EntryPoint","urlTemplate":"https:\/\/www.eurofirmsfoundation.org\/es\/es\/?s={search_term_string}"},"query-input":"required name=search_term_string"}],"inLanguage":"ca"},{"@type":"Person","@id":"https:\/\/www.eurofirmsfoundation.org\/es\/es\/#\/schema\/person\/2c81dca7a893106910ec9d90923668c8","name":"fundacio","image":{"@type":"ImageObject","inLanguage":"ca","@id":"https:\/\/www.eurofirmsfoundation.org\/es\/es\/#\/schema\/person\/image\/","url":"https:\/\/secure.gravatar.com\/avatar\/494c0763720587c01d08b9d2a7c93101a227f76c9396143c8d56d945460b379e?s=96&d=mm&r=g","contentUrl":"https:\/\/secure.gravatar.com\/avatar\/494c0763720587c01d08b9d2a7c93101a227f76c9396143c8d56d945460b379e?s=96&d=mm&r=g","caption":"fundacio"},"url":"https:\/\/www.eurofirmsfoundation.org\/es\/ca\/noticias\/author\/fundacio\/"}]}},"_links":{"self":[{"href":"https:\/\/www.eurofirmsfoundation.org\/es\/ca\/wp-json\/wp\/v2\/posts\/19378","targetHints":{"allow":["GET"]}}],"collection":[{"href":"https:\/\/www.eurofirmsfoundation.org\/es\/ca\/wp-json\/wp\/v2\/posts"}],"about":[{"href":"https:\/\/www.eurofirmsfoundation.org\/es\/ca\/wp-json\/wp\/v2\/types\/post"}],"author":[{"embeddable":true,"href":"https:\/\/www.eurofirmsfoundation.org\/es\/ca\/wp-json\/wp\/v2\/users\/4"}],"replies":[{"embeddable":true,"href":"https:\/\/www.eurofirmsfoundation.org\/es\/ca\/wp-json\/wp\/v2\/comments?post=19378"}],"version-history":[{"count":2,"href":"https:\/\/www.eurofirmsfoundation.org\/es\/ca\/wp-json\/wp\/v2\/posts\/19378\/revisions"}],"predecessor-version":[{"id":19380,"href":"https:\/\/www.eurofirmsfoundation.org\/es\/ca\/wp-json\/wp\/v2\/posts\/19378\/revisions\/19380"}],"wp:featuredmedia":[{"embeddable":true,"href":"https:\/\/www.eurofirmsfoundation.org\/es\/ca\/wp-json\/wp\/v2\/media\/19376"}],"wp:attachment":[{"href":"https:\/\/www.eurofirmsfoundation.org\/es\/ca\/wp-json\/wp\/v2\/media?parent=19378"}],"wp:term":[{"taxonomy":"category","embeddable":true,"href":"https:\/\/www.eurofirmsfoundation.org\/es\/ca\/wp-json\/wp\/v2\/categories?post=19378"},{"taxonomy":"post_tag","embeddable":true,"href":"https:\/\/www.eurofirmsfoundation.org\/es\/ca\/wp-json\/wp\/v2\/tags?post=19378"}],"curies":[{"name":"wp","href":"https:\/\/api.w.org\/{rel}","templated":true}]}}