{"id":17178,"date":"2023-07-20T07:51:26","date_gmt":"2023-07-20T07:51:26","guid":{"rendered":"https:\/\/www.eurofirmsfoundation.org\/es\/noticias\/dialogos-inclusion-ii\/"},"modified":"2023-12-13T08:45:58","modified_gmt":"2023-12-13T08:45:58","slug":"dialogos-inclusion-ii","status":"publish","type":"post","link":"https:\/\/www.eurofirmsfoundation.org\/es\/ca\/noticias\/dialogos-inclusion-ii\/","title":{"rendered":"Dins del marc del Dia Mundial de la Salut Mental que se celebra el 10 d&#8217;octubre"},"content":{"rendered":"\n<h3 class=\"wp-block-heading\"><br>A\u00a0Eurofirms\u00a0Foundation\u00a0organitzem la segona edici\u00f3 de Di\u00e0legs per la inclusi\u00f3, amb l&#8217;objectiu de crear consci\u00e8ncia sobre els problemes de salut mental i disminuir l&#8217;estigma associat a les persones que enfronten aquestes dificultats.<\/h3>\n\n\n\n<ul class=\"wp-block-list\">\n<li>Segons l&#8217;Organitzaci\u00f3 Mundial de la Salut (OMS), la salut mental ser\u00e0 la principal causa de discapacitat en 2030.<\/li>\n\n\n\n<li>El 66% de les persones treballadores apunta al treball com a font significativa d&#8217;estr\u00e8s.<\/li>\n<\/ul>\n\n\n\n<p>La salut mental s&#8217;ha convertit en un dels reptes m\u00e9s importants per a les organitzacions en l&#8217;actualitat. S&#8217;estima que fins a un 35% de les persones treballadores a tot el m\u00f3n experimenta estr\u00e8s laboral cr\u00f2nic.<\/p>\n\n\n\n<p>Enfront d&#8217;aquesta realitat, \u00e9s necessari que les organitzacions desenvolupin i implementin estrat\u00e8gies integrals de detecci\u00f3, prevenci\u00f3, intervenci\u00f3 i suport en mat\u00e8ria de salut mental.<\/p>\n\n\n\n<p>En relaci\u00f3 amb la discapacitat, els trastorns de salut mental representen una causa significativa que planteja diversos desafiaments, especialment en l&#8217;\u00e0mbit laboral:<\/p>\n\n\n\n<ul class=\"wp-block-list\">\n<li>Les persones amb qualsevol tipus de discapacitat tenen major probabilitat d&#8217;enfrontar-se a problemes de salut mental.<\/li>\n\n\n\n<li>Les persones amb problemes de salut mental troben dificultats addicionals per a accedir i mantenir l&#8217;ocupaci\u00f3, en comparaci\u00f3 amb altres tipus de discapacitat.<\/li>\n\n\n\n<li>La discriminaci\u00f3, l&#8217;estigma i les barreres en l&#8217;entorn laboral contribueixen a la deterioraci\u00f3 de la salut de les persones amb discapacitat i al bon curs de l&#8217;organitzaci\u00f3.<\/li>\n<\/ul>\n\n\n\n<p>\u00c9s fonamental que totes les organitzacions unim esfor\u00e7os per a combatre l&#8217;estigmatitzaci\u00f3, promoure la comprensi\u00f3 i garantir entorns laborals saludables i inclusius que donin suport a la salut mental de totes les persones, sense importar la condici\u00f3.<\/p>\n\n\n\n<p>Des de Eurofirms Foundation, volem fomentar el canvi en la percepci\u00f3 i les actituds socials que afavoreixin la integraci\u00f3, tant a nivell social com laboral, de les persones amb problemes de salut mental. Amb aquest objectiu, posem en marxa una nova edici\u00f3 de<strong> Di\u00e0legs per la Inclusi\u00f3 dedicada a la salut mental, que tindr\u00e0 lloc el pr\u00f2xim 5 d&#8217;octubre a les 10.00 hores.<\/strong><\/p>\n\n\n\n<p><strong>Una mirada de 360 graus sobre la salut mental en l&#8217;\u00e0mbit laboral<\/strong><\/p>\n\n\n\n<p>Comptarem amb la participaci\u00f3 de <strong>quatre experts\/as amb perfils complementaris i especialitzats en diferents camps de la salut mental.<\/strong> Ser\u00e0 un espai dedicat tant per a directius\/as com per a la resta de treballadors\/as, en el qual abordarem les q\u00fcestions fonamentals relacionades amb la salut mental en l&#8217;entorn laboral:<\/p>\n\n\n\n<ul class=\"wp-block-list\">\n<li>Entendre qu\u00e8 s\u00f3n els trastorns de salut mental, com repercuteixen i per qu\u00e8 desestigmatitzar-los.<\/li>\n\n\n\n<li>Obtenir recursos de prevenci\u00f3 i autoajuda a trav\u00e9s de situacions reals.<\/li>\n\n\n\n<li>Con\u00e8ixer quin rol t\u00e9 una empresa sensibilitzada amb la salut mental dels seus emprats\/as.<\/li>\n\n\n\n<li>Compartir un espai d&#8217;experi\u00e8ncies, dubtes i perspectives.<\/li>\n<\/ul>\n\n\n\n<p>Contacta&#8217;ns i descobreix com pots fer que el teu equip i organitzaci\u00f3 participin en Di\u00e0legs per la Inclusi\u00f3 II, per a potenciar un entorn laboral amb confian\u00e7a psicol\u00f2gica.<\/p>\n\n\n\n<div class=\"wp-block-buttons is-content-justification-center is-layout-flex wp-container-core-buttons-is-layout-16018d1d wp-block-buttons-is-layout-flex\">\n<div class=\"wp-block-button is-style-outline is-style-outline--1\"><a class=\"wp-block-button__link wp-element-button\" href=\"https:\/\/marketingeurofirms.typeform.com\/to\/ha4q0zUO?typeform-source=www.linkedin.com\" target=\"_blank\" rel=\"noreferrer noopener\">Descobreix m\u00e9s<\/a><\/div>\n<\/div>\n","protected":false},"excerpt":{"rendered":"<p>A\u00a0Eurofirms\u00a0Foundation\u00a0organitzem la segona edici\u00f3 de Di\u00e0legs per la inclusi\u00f3, amb l&#8217;objectiu de crear consci\u00e8ncia sobre els problemes de salut mental i disminuir l&#8217;estigma associat a les persones que enfronten aquestes dificultats. La salut mental s&#8217;ha convertit en un dels reptes m\u00e9s importants per a les organitzacions en l&#8217;actualitat. S&#8217;estima que fins a un 35% de les persones treballadores a tot el m\u00f3n experimenta estr\u00e8s laboral cr\u00f2nic. Enfront d&#8217;aquesta realitat, \u00e9s necessari que les organitzacions desenvolupin i implementin estrat\u00e8gies integrals de detecci\u00f3, prevenci\u00f3, intervenci\u00f3 i suport en mat\u00e8ria de salut mental. En relaci\u00f3 amb la discapacitat, els trastorns de salut mental representen una causa significativa que planteja diversos desafiaments, especialment en l&#8217;\u00e0mbit laboral: \u00c9s fonamental que totes les organitzacions unim esfor\u00e7os per a combatre l&#8217;estigmatitzaci\u00f3, promoure la comprensi\u00f3 i garantir entorns laborals saludables i inclusius que donin suport a la salut mental de totes les persones, sense importar la condici\u00f3. Des&#8230;<\/p>\n","protected":false},"author":2,"featured_media":16180,"comment_status":"open","ping_status":"open","sticky":false,"template":"","format":"standard","meta":{"inline_featured_image":false,"footnotes":""},"categories":[2],"tags":[37,38],"class_list":["post-17178","post","type-post","status-publish","format-standard","has-post-thumbnail","hentry","category-sin-categorizar-ca","tag-eventos-ca","tag-sensibilizacion-ca"],"yoast_head":"<!-- This site is optimized with the Yoast SEO plugin v20.1 - https:\/\/yoast.com\/wordpress\/plugins\/seo\/ -->\n<title>Dins del marc del Dia Mundial de la Salut Mental que se celebra el 10 d&#039;octubre - Fundaci\u00f3n Eurofirms Espa\u00f1a<\/title>\n<meta name=\"description\" content=\"En Eurofirms Foundation organizamos Di\u00e1logos por la inclusi\u00f3n II, para crear conciencia sobre los problemas de salud mental.\" \/>\n<meta name=\"robots\" content=\"index, follow, max-snippet:-1, max-image-preview:large, max-video-preview:-1\" \/>\n<link rel=\"canonical\" href=\"https:\/\/www.eurofirmsfoundation.org\/es\/ca\/noticias\/dialogos-inclusion-ii\/\" \/>\n<meta property=\"og:locale\" content=\"ca_ES\" \/>\n<meta property=\"og:type\" content=\"article\" \/>\n<meta property=\"og:title\" content=\"Dins del marc del Dia Mundial de la Salut Mental que se celebra el 10 d&#039;octubre - Fundaci\u00f3n Eurofirms Espa\u00f1a\" \/>\n<meta property=\"og:description\" content=\"En Eurofirms Foundation organizamos Di\u00e1logos por la inclusi\u00f3n II, para crear conciencia sobre los problemas de salud mental.\" \/>\n<meta property=\"og:url\" content=\"https:\/\/www.eurofirmsfoundation.org\/es\/ca\/noticias\/dialogos-inclusion-ii\/\" \/>\n<meta property=\"og:site_name\" content=\"Fundaci\u00f3n Eurofirms Espa\u00f1a\" \/>\n<meta property=\"article:published_time\" content=\"2023-07-20T07:51:26+00:00\" \/>\n<meta property=\"article:modified_time\" content=\"2023-12-13T08:45:58+00:00\" \/>\n<meta property=\"og:image\" content=\"https:\/\/www.eurofirmsfoundation.org\/es\/wp-content\/uploads\/sites\/2\/2023\/07\/foto-noticia-web.png\" \/>\n\t<meta property=\"og:image:width\" content=\"1000\" \/>\n\t<meta property=\"og:image:height\" content=\"250\" \/>\n\t<meta property=\"og:image:type\" content=\"image\/png\" \/>\n<meta name=\"author\" content=\"marketing\" \/>\n<meta name=\"twitter:card\" content=\"summary_large_image\" \/>\n<meta name=\"twitter:label1\" content=\"Escrit per\" \/>\n\t<meta name=\"twitter:data1\" content=\"marketing\" \/>\n\t<meta name=\"twitter:label2\" content=\"Temps estimat de lectura\" \/>\n\t<meta name=\"twitter:data2\" content=\"2 minuts\" \/>\n<script type=\"application\/ld+json\" class=\"yoast-schema-graph\">{\"@context\":\"https:\/\/schema.org\",\"@graph\":[{\"@type\":\"WebPage\",\"@id\":\"https:\/\/www.eurofirmsfoundation.org\/es\/ca\/noticias\/dialogos-inclusion-ii\/\",\"url\":\"https:\/\/www.eurofirmsfoundation.org\/es\/ca\/noticias\/dialogos-inclusion-ii\/\",\"name\":\"Dins del marc del Dia Mundial de la Salut Mental que se celebra el 10 d'octubre - Fundaci\u00f3n Eurofirms Espa\u00f1a\",\"isPartOf\":{\"@id\":\"https:\/\/www.eurofirmsfoundation.org\/es\/es\/#website\"},\"datePublished\":\"2023-07-20T07:51:26+00:00\",\"dateModified\":\"2023-12-13T08:45:58+00:00\",\"author\":{\"@id\":\"https:\/\/www.eurofirmsfoundation.org\/es\/es\/#\/schema\/person\/585d5d0ffb011f34a8714b17ef6021f5\"},\"description\":\"En Eurofirms Foundation organizamos Di\u00e1logos por la inclusi\u00f3n II, para crear conciencia sobre los problemas de salud mental.\",\"breadcrumb\":{\"@id\":\"https:\/\/www.eurofirmsfoundation.org\/es\/ca\/noticias\/dialogos-inclusion-ii\/#breadcrumb\"},\"inLanguage\":\"ca\",\"potentialAction\":[{\"@type\":\"ReadAction\",\"target\":[\"https:\/\/www.eurofirmsfoundation.org\/es\/ca\/noticias\/dialogos-inclusion-ii\/\"]}]},{\"@type\":\"BreadcrumbList\",\"@id\":\"https:\/\/www.eurofirmsfoundation.org\/es\/ca\/noticias\/dialogos-inclusion-ii\/#breadcrumb\",\"itemListElement\":[{\"@type\":\"ListItem\",\"position\":1,\"name\":\"Portada\",\"item\":\"https:\/\/www.eurofirmsfoundation.org\/es\/ca\/\"},{\"@type\":\"ListItem\",\"position\":2,\"name\":\"Dins del marc del Dia Mundial de la Salut Mental que se celebra el 10 d&#8217;octubre\"}]},{\"@type\":\"WebSite\",\"@id\":\"https:\/\/www.eurofirmsfoundation.org\/es\/es\/#website\",\"url\":\"https:\/\/www.eurofirmsfoundation.org\/es\/es\/\",\"name\":\"Fundaci\u00f3n Eurofirms Espa\u00f1a\",\"description\":\"Otro sitio m\u00e1s de Fundaci\u00f3n Eurofirms \",\"potentialAction\":[{\"@type\":\"SearchAction\",\"target\":{\"@type\":\"EntryPoint\",\"urlTemplate\":\"https:\/\/www.eurofirmsfoundation.org\/es\/es\/?s={search_term_string}\"},\"query-input\":\"required name=search_term_string\"}],\"inLanguage\":\"ca\"},{\"@type\":\"Person\",\"@id\":\"https:\/\/www.eurofirmsfoundation.org\/es\/es\/#\/schema\/person\/585d5d0ffb011f34a8714b17ef6021f5\",\"name\":\"marketing\",\"image\":{\"@type\":\"ImageObject\",\"inLanguage\":\"ca\",\"@id\":\"https:\/\/www.eurofirmsfoundation.org\/es\/es\/#\/schema\/person\/image\/\",\"url\":\"https:\/\/secure.gravatar.com\/avatar\/955ea54c6b5c157f2b4b711790997303a7a61f4da16f62145953df9d58783d8f?s=96&d=mm&r=g\",\"contentUrl\":\"https:\/\/secure.gravatar.com\/avatar\/955ea54c6b5c157f2b4b711790997303a7a61f4da16f62145953df9d58783d8f?s=96&d=mm&r=g\",\"caption\":\"marketing\"},\"url\":\"https:\/\/www.eurofirmsfoundation.org\/es\/ca\/noticias\/author\/marketing\/\"}]}<\/script>\n<!-- \/ Yoast SEO plugin. -->","yoast_head_json":{"title":"Dins del marc del Dia Mundial de la Salut Mental que se celebra el 10 d'octubre - Fundaci\u00f3n Eurofirms Espa\u00f1a","description":"En Eurofirms Foundation organizamos Di\u00e1logos por la inclusi\u00f3n II, para crear conciencia sobre los problemas de salud mental.","robots":{"index":"index","follow":"follow","max-snippet":"max-snippet:-1","max-image-preview":"max-image-preview:large","max-video-preview":"max-video-preview:-1"},"canonical":"https:\/\/www.eurofirmsfoundation.org\/es\/ca\/noticias\/dialogos-inclusion-ii\/","og_locale":"ca_ES","og_type":"article","og_title":"Dins del marc del Dia Mundial de la Salut Mental que se celebra el 10 d'octubre - Fundaci\u00f3n Eurofirms Espa\u00f1a","og_description":"En Eurofirms Foundation organizamos Di\u00e1logos por la inclusi\u00f3n II, para crear conciencia sobre los problemas de salud mental.","og_url":"https:\/\/www.eurofirmsfoundation.org\/es\/ca\/noticias\/dialogos-inclusion-ii\/","og_site_name":"Fundaci\u00f3n Eurofirms Espa\u00f1a","article_published_time":"2023-07-20T07:51:26+00:00","article_modified_time":"2023-12-13T08:45:58+00:00","og_image":[{"width":1000,"height":250,"url":"https:\/\/www.eurofirmsfoundation.org\/es\/wp-content\/uploads\/sites\/2\/2023\/07\/foto-noticia-web.png","type":"image\/png"}],"author":"marketing","twitter_card":"summary_large_image","twitter_misc":{"Escrit per":"marketing","Temps estimat de lectura":"2 minuts"},"schema":{"@context":"https:\/\/schema.org","@graph":[{"@type":"WebPage","@id":"https:\/\/www.eurofirmsfoundation.org\/es\/ca\/noticias\/dialogos-inclusion-ii\/","url":"https:\/\/www.eurofirmsfoundation.org\/es\/ca\/noticias\/dialogos-inclusion-ii\/","name":"Dins del marc del Dia Mundial de la Salut Mental que se celebra el 10 d'octubre - Fundaci\u00f3n Eurofirms Espa\u00f1a","isPartOf":{"@id":"https:\/\/www.eurofirmsfoundation.org\/es\/es\/#website"},"datePublished":"2023-07-20T07:51:26+00:00","dateModified":"2023-12-13T08:45:58+00:00","author":{"@id":"https:\/\/www.eurofirmsfoundation.org\/es\/es\/#\/schema\/person\/585d5d0ffb011f34a8714b17ef6021f5"},"description":"En Eurofirms Foundation organizamos Di\u00e1logos por la inclusi\u00f3n II, para crear conciencia sobre los problemas de salud mental.","breadcrumb":{"@id":"https:\/\/www.eurofirmsfoundation.org\/es\/ca\/noticias\/dialogos-inclusion-ii\/#breadcrumb"},"inLanguage":"ca","potentialAction":[{"@type":"ReadAction","target":["https:\/\/www.eurofirmsfoundation.org\/es\/ca\/noticias\/dialogos-inclusion-ii\/"]}]},{"@type":"BreadcrumbList","@id":"https:\/\/www.eurofirmsfoundation.org\/es\/ca\/noticias\/dialogos-inclusion-ii\/#breadcrumb","itemListElement":[{"@type":"ListItem","position":1,"name":"Portada","item":"https:\/\/www.eurofirmsfoundation.org\/es\/ca\/"},{"@type":"ListItem","position":2,"name":"Dins del marc del Dia Mundial de la Salut Mental que se celebra el 10 d&#8217;octubre"}]},{"@type":"WebSite","@id":"https:\/\/www.eurofirmsfoundation.org\/es\/es\/#website","url":"https:\/\/www.eurofirmsfoundation.org\/es\/es\/","name":"Fundaci\u00f3n Eurofirms Espa\u00f1a","description":"Otro sitio m\u00e1s de Fundaci\u00f3n Eurofirms ","potentialAction":[{"@type":"SearchAction","target":{"@type":"EntryPoint","urlTemplate":"https:\/\/www.eurofirmsfoundation.org\/es\/es\/?s={search_term_string}"},"query-input":"required name=search_term_string"}],"inLanguage":"ca"},{"@type":"Person","@id":"https:\/\/www.eurofirmsfoundation.org\/es\/es\/#\/schema\/person\/585d5d0ffb011f34a8714b17ef6021f5","name":"marketing","image":{"@type":"ImageObject","inLanguage":"ca","@id":"https:\/\/www.eurofirmsfoundation.org\/es\/es\/#\/schema\/person\/image\/","url":"https:\/\/secure.gravatar.com\/avatar\/955ea54c6b5c157f2b4b711790997303a7a61f4da16f62145953df9d58783d8f?s=96&d=mm&r=g","contentUrl":"https:\/\/secure.gravatar.com\/avatar\/955ea54c6b5c157f2b4b711790997303a7a61f4da16f62145953df9d58783d8f?s=96&d=mm&r=g","caption":"marketing"},"url":"https:\/\/www.eurofirmsfoundation.org\/es\/ca\/noticias\/author\/marketing\/"}]}},"_links":{"self":[{"href":"https:\/\/www.eurofirmsfoundation.org\/es\/ca\/wp-json\/wp\/v2\/posts\/17178","targetHints":{"allow":["GET"]}}],"collection":[{"href":"https:\/\/www.eurofirmsfoundation.org\/es\/ca\/wp-json\/wp\/v2\/posts"}],"about":[{"href":"https:\/\/www.eurofirmsfoundation.org\/es\/ca\/wp-json\/wp\/v2\/types\/post"}],"author":[{"embeddable":true,"href":"https:\/\/www.eurofirmsfoundation.org\/es\/ca\/wp-json\/wp\/v2\/users\/2"}],"replies":[{"embeddable":true,"href":"https:\/\/www.eurofirmsfoundation.org\/es\/ca\/wp-json\/wp\/v2\/comments?post=17178"}],"version-history":[{"count":1,"href":"https:\/\/www.eurofirmsfoundation.org\/es\/ca\/wp-json\/wp\/v2\/posts\/17178\/revisions"}],"predecessor-version":[{"id":17180,"href":"https:\/\/www.eurofirmsfoundation.org\/es\/ca\/wp-json\/wp\/v2\/posts\/17178\/revisions\/17180"}],"wp:featuredmedia":[{"embeddable":true,"href":"https:\/\/www.eurofirmsfoundation.org\/es\/ca\/wp-json\/wp\/v2\/media\/16180"}],"wp:attachment":[{"href":"https:\/\/www.eurofirmsfoundation.org\/es\/ca\/wp-json\/wp\/v2\/media?parent=17178"}],"wp:term":[{"taxonomy":"category","embeddable":true,"href":"https:\/\/www.eurofirmsfoundation.org\/es\/ca\/wp-json\/wp\/v2\/categories?post=17178"},{"taxonomy":"post_tag","embeddable":true,"href":"https:\/\/www.eurofirmsfoundation.org\/es\/ca\/wp-json\/wp\/v2\/tags?post=17178"}],"curies":[{"name":"wp","href":"https:\/\/api.w.org\/{rel}","templated":true}]}}